{"id":3544,"date":"2026-08-01T17:20:08","date_gmt":"2026-08-01T17:20:08","guid":{"rendered":"https:\/\/valorambiental.cl\/nueva\/?p=3544"},"modified":"2026-09-01T17:21:45","modified_gmt":"2026-09-01T17:21:45","slug":"valor-ambiental-capacita-a-clientes-mineros-en-la-nueva-ley-de-permisos-ambientales","status":"publish","type":"post","link":"https:\/\/valorambiental.cl\/nueva\/2026\/08\/01\/valor-ambiental-capacita-a-clientes-mineros-en-la-nueva-ley-de-permisos-ambientales\/","title":{"rendered":"Valor Ambiental capacita a clientes mineros en la nueva Ley de Permisos Ambientales"},"content":{"rendered":"<p>Valor Ambiental, consultora especializada en permisos sectoriales, recientemente realiz\u00f3 junto al estudio de abogados Guzm\u00e1n Ruiz y Toro un taller de capacitaci\u00f3n sobre la Ley N\u00b0 21.770, Marco de Autorizaciones Sectoriales, y sus implicancias para la tramitaci\u00f3n de permisos ante la Direcci\u00f3n General de Aguas (DGA). La actividad reuni\u00f3 a equipos t\u00e9cnicos de la consultora y representantes de empresas del sector minero, entre ellas BHP, CMP, Centinela y Albemarle, quienes analizaron los principales cambios que contempla la nueva normativa y sus efectos en la gesti\u00f3n de proyectos.<\/p>\n<p>&#8220;Estamos llevando adelante un ciclo de capacitaciones asociadas a la aplicaci\u00f3n de esta ley en los distintos organismos p\u00fablicos donde generamos las tramitaciones. Lo que busca esta ley es agilizar los tiempos de tramitaci\u00f3n de permisos, pero tambi\u00e9n estandarizar los criterios entre servicios. Hoy es com\u00fan que un mismo organismo aplique plazos o exigencias distintas para el mismo permiso dependiendo de la regi\u00f3n, y eso es precisamente lo que la norma intenta corregir&#8221;, explic\u00f3 Marcela Miranda, directora ejecutiva de Valor Ambiental.<\/p>\n<p><strong>Un problema de fondo: la permisolog\u00eda frena la inversi\u00f3n<\/strong><\/p>\n<p>La Ley 21.770 fue publicada el 29 de septiembre de 2025, tras 18 meses de tramitaci\u00f3n, y busca reducir entre un 30% y un 70% los tiempos de tramitaci\u00f3n de los permisos que dependen de 37 servicios y 16 ministerios. El diagn\u00f3stico es contundente: en miner\u00eda, un proyecto puede requerir entre 600 y 2.000 permisos, con tiempos de tramitaci\u00f3n de entre 5 y 11 a\u00f1os en las iniciativas m\u00e1s grandes, superando en algunos casos hasta 2,7 veces los plazos legales. Seg\u00fan JP Morgan, cerca de US$93.000 millones en inversi\u00f3n permanecen hoy estancados en Chile por falta de aprobaciones.<\/p>\n<p>Rodrigo Guzm\u00e1n, abogado socio de GTR Abogados y relator del taller, destac\u00f3 la importancia de anticiparse: &#8220;es muy recomendable prepararse de antemano, conociendo las l\u00f3gicas que subyacen en esta ley (&#8230;) para definir la estrategia de obtenci\u00f3n de permisos y autorizaciones&#8221;, se\u00f1al\u00f3, agregando que la norma obliga a decidir qu\u00e9 t\u00e9cnicas habilitantes alternativas usar y qu\u00e9 derechos exigir frente a la administraci\u00f3n.<\/p>\n","protected":false},"excerpt":{"rendered":"<p>Valor Ambiental, consultora especializada en permisos sectoriales, recientemente realiz\u00f3 junto al estudio de abogados Guzm\u00e1n Ruiz y Toro un taller de capacitaci\u00f3n sobre la Ley N\u00b0 21.770, Marco de Autorizaciones Sectoriales, y sus implicancias para la tramitaci\u00f3n de permisos ante la Direcci\u00f3n General de Aguas (DGA). La actividad reuni\u00f3 a equipos t\u00e9cnicos de la consultora [&hellip;]<\/p>\n","protected":false},"author":1,"featured_media":0,"comment_status":"closed","ping_status":"closed","sticky":false,"template":"","format":"standard","meta":{"footnotes":""},"categories":[9,3],"tags":[],"class_list":["post-3544","post","type-post","status-publish","format-standard","hentry","category-comunicados","category-noticias"],"featured_image_src":{"landsacpe":false,"list":false,"medium":false,"full":false},"_links":{"self":[{"href":"https:\/\/valorambiental.cl\/nueva\/wp-json\/wp\/v2\/posts\/3544","targetHints":{"allow":["GET"]}}],"collection":[{"href":"https:\/\/valorambiental.cl\/nueva\/wp-json\/wp\/v2\/posts"}],"about":[{"href":"https:\/\/valorambiental.cl\/nueva\/wp-json\/wp\/v2\/types\/post"}],"author":[{"embeddable":true,"href":"https:\/\/valorambiental.cl\/nueva\/wp-json\/wp\/v2\/users\/1"}],"replies":[{"embeddable":true,"href":"https:\/\/valorambiental.cl\/nueva\/wp-json\/wp\/v2\/comments?post=3544"}],"version-history":[{"count":1,"href":"https:\/\/valorambiental.cl\/nueva\/wp-json\/wp\/v2\/posts\/3544\/revisions"}],"predecessor-version":[{"id":3546,"href":"https:\/\/valorambiental.cl\/nueva\/wp-json\/wp\/v2\/posts\/3544\/revisions\/3546"}],"wp:attachment":[{"href":"https:\/\/valorambiental.cl\/nueva\/wp-json\/wp\/v2\/media?parent=3544"}],"wp:term":[{"taxonomy":"category","embeddable":true,"href":"https:\/\/valorambiental.cl\/nueva\/wp-json\/wp\/v2\/categories?post=3544"},{"taxonomy":"post_tag","embeddable":true,"href":"https:\/\/valorambiental.cl\/nueva\/wp-json\/wp\/v2\/tags?post=3544"}],"curies":[{"name":"wp","href":"https:\/\/api.w.org\/{rel}","templated":true}]}}