{"id":3458,"date":"2021-12-03T15:21:58","date_gmt":"2021-12-03T15:21:58","guid":{"rendered":"https:\/\/valorambiental.cl\/nueva\/?p=3458"},"modified":"2021-12-20T15:27:53","modified_gmt":"2021-12-20T15:27:53","slug":"mas-de-100-estudiantes-participaron-en-desafio-de-innovacion-abierta-valor-ambiental","status":"publish","type":"post","link":"https:\/\/valorambiental.cl\/nueva\/2021\/12\/03\/mas-de-100-estudiantes-participaron-en-desafio-de-innovacion-abierta-valor-ambiental\/","title":{"rendered":"M\u00e1s de 100 estudiantes participaron en \u201cDesaf\u00edo de Innovaci\u00f3n Abierta \u2013 Valor Ambiental\u201d"},"content":{"rendered":"<p><strong>Dise\u00f1ar y presentar en p\u00fablico propuestas de innovaci\u00f3n en marketing o en modelo de negocios, aplicadas al \u00e1mbito de las asesor\u00edas de gesti\u00f3n ambiental, fue el complejo reto que propusieron las empresas Valor ambiental y Acelera Innova, a trav\u00e9s del proyecto \u201cInstala Innovaci\u00f3n\u201d, cofinanciado por Corfo.<\/strong><br \/>\n<strong>El equipo ganador, perteneciente a la Escuela de Ingenier\u00eda Comercial de la Universidad de La Serena, recibi\u00f3 un reconocimiento.<\/strong><\/p>\n<p>Viviendo una experiencia real de creaci\u00f3n de ideas innovadoras de negocios, m\u00e1s de 100 estudiantes de educaci\u00f3n superior de La Serena y Copiap\u00f3 participaron en el Desaf\u00edo de Innovaci\u00f3n Abierta Valor Ambiental, que puso a prueba sus conocimientos y capacidades en un \u00e1rea compleja y desafiante, como es el rubro de las consultor\u00edas de permisos ambientales. Un equipo de estudiantes de la Universidad de La Serena se alz\u00f3 como ganador del reto, recibiendo el respectivo reconocimiento el pasado viernes 26 de noviembre.<\/p>\n<p>Organizado por la empresa Valor Ambiental y ejecutado por Acelera Innova, el certamen se desarroll\u00f3 entre el 17 de octubre y el 8 de noviembre, en el marco de un programa denominado \u201cInstala Innovaci\u00f3n\u201d, cofinanciado por Corfo.<\/p>\n<p>Participaron equipos de las carreras de Administraci\u00f3n de Empresas, de Inacap sede Copiap\u00f3; Ingenier\u00eda Comercial, de la Universidad de La Serena; Ingenier\u00eda Civil Industrial, de la Universidad Cat\u00f3lica del Norte sede Coquimbo, y Construcci\u00f3n, de Inacap sede La Serena. Cada uno de ellos debi\u00f3 presentar una ficha de ideaci\u00f3n, desarrollando una propuesta de innovaci\u00f3n en marketing o en modelo de negocios, aplicada al \u00e1mbito de las asesor\u00edas de gesti\u00f3n ambiental.<\/p>\n<p>Como resultado del proceso surgieron 30 perfiles de ideaci\u00f3n, de los cuales diez fueron seleccionados para participar de una jornada demo day \u2013efectuada mediante videoconferencia\u2013, en la que cada equipo podr\u00eda presentar ante un jurado su idea en un pitch de tres minutos.<br \/>\nEl equipo ganador, conformado por alumnos de la ULS, propuso una soluci\u00f3n tecnol\u00f3gica en una plataforma \u00fanica para facilitar herramientas complejas en torno a la gesti\u00f3n de permisos ambientales.<br \/>\n\u201cLo encuentro s\u00faper emocionante, es una instancia en la que pudimos tener un acercamiento a la realidad profesional\u201d, opin\u00f3 la l\u00edder del equipo ganador, Gissela Johnson, quien expres\u00f3 su deseo de que este tipo de concursos se siga realizando. \u201cEl poder colaborar con algo a una empresa es muy satisfactorio y nos hace sentir muy bien como estudiantes de la carrera\u201d, agreg\u00f3.<\/p>\n<p>Por su parte, su compa\u00f1ero de equipo, Andr\u00e9s Flores declar\u00f3 sentir \u201cfelicidad y orgullo, llegamos a estas instancias con los conocimientos que adquirimos durante nuestros cuatro a\u00f1os de estudios; nos desempe\u00f1amos profesionalmente y dimos lo mejor posible para obtener los mejores resultados\u201d.<br \/>\nLa directora de la Escuela de Ingenier\u00eda Comercial de la ULS, Karin Ortloff, destac\u00f3 el valor de esta experiencia para sus estudiantes, como una inserci\u00f3n en el \u00e1mbito pr\u00e1ctico. \u201cEstamos logrando estudiantes m\u00e1s fortalecidos y que tengan las competencias para desarrollarse en el \u00e1mbito laboral\u201d, dijo.<\/p>\n<p>&nbsp;<\/p>\n<p><strong>\u201cHABLA BIEN DE LAS NUEVAS GENERACIONES\u201d<\/strong><br \/>\nLa directora de Valor Ambiental, Marcela Miranda, resalt\u00f3 la dedicaci\u00f3n y profesionalismo aplicados por los estudiantes a sus trabajos.<\/p>\n<p>Adem\u00e1s, inform\u00f3 que con esta actividad \u201cestamos cerrando el ciclo de este proyecto, con el cual queremos instalar la innovaci\u00f3n como un eje estrat\u00e9gico de nuestra empresa, y tambi\u00e9n como una estrategia de retenci\u00f3n y atracci\u00f3n de talentos. Desde ah\u00ed instalamos la innovaci\u00f3n en la empresa y la ponemos a disposici\u00f3n de nuestros clientes, con esta nueva forma de pensar que significa buscar nuevas alternativas, ser m\u00e1s eficientes y estar constantemente revisando la tecnolog\u00eda de punta\u201d.<\/p>\n<p>Natalia Reilich, cofundadora de Acelera Innova, coment\u00f3 que durante este concurso se implementaron 20 m\u00f3dulos de trabajo, que buscaron profundizar la investigaci\u00f3n de problem\u00e1ticas en torno a la industria de servicios sectoriales de permisos ambientales.<\/p>\n<p>\u201cEste concurso es fundamental, porque cumple nuestro prop\u00f3sito: movilizar el ecosistema de innovaci\u00f3n desde las regiones y potenciar el v\u00ednculo entre universidades y empresas. Se trata de una relaci\u00f3n ganar-ganar, en la cual los alumnos pueden trabajar con desaf\u00edos reales de la industria, y la empresa gana tambi\u00e9n, porque logra una inyecci\u00f3n de perfiles de ideaci\u00f3n que le permite pensar fuera de la caja y robustecer el portafolio para los pr\u00f3ximos a\u00f1os\u201d, destac\u00f3.<\/p>\n<p>&nbsp;<\/p>\n<p>Fuente:\u00a0<a href=\"https:\/\/www.semanariotiempo.cl\/2021\/12\/03\/mas-de-100-estudiantes-participaron-en-desafio-de-innovacion-abierta-valor-ambiental\/\" target=\"_blank\" rel=\"noopener noreferrer\">www.semanariotiempo.cl<\/a><\/p>\n","protected":false},"excerpt":{"rendered":"<p>Dise\u00f1ar y presentar en p\u00fablico propuestas de innovaci\u00f3n en marketing o en modelo de negocios, aplicadas al \u00e1mbito de las asesor\u00edas de gesti\u00f3n ambiental, fue el complejo reto que propusieron las empresas Valor ambiental y Acelera Innova, a trav\u00e9s del proyecto \u201cInstala Innovaci\u00f3n\u201d, cofinanciado por Corfo. El equipo ganador, perteneciente a la Escuela de Ingenier\u00eda [&hellip;]<\/p>\n","protected":false},"author":1,"featured_media":3459,"comment_status":"closed","ping_status":"closed","sticky":false,"template":"","format":"standard","meta":[],"categories":[1],"tags":[],"featured_image_src":{"landsacpe":["https:\/\/valorambiental.cl\/nueva\/wp-content\/uploads\/2021\/12\/07-1024x683-1-1024x445.jpg",1024,445,true],"list":["https:\/\/valorambiental.cl\/nueva\/wp-content\/uploads\/2021\/12\/07-1024x683-1-463x348.jpg",463,348,true],"medium":["https:\/\/valorambiental.cl\/nueva\/wp-content\/uploads\/2021\/12\/07-1024x683-1-300x200.jpg",300,200,true],"full":["https:\/\/valorambiental.cl\/nueva\/wp-content\/uploads\/2021\/12\/07-1024x683-1.jpg",1024,683,false]},"_links":{"self":[{"href":"https:\/\/valorambiental.cl\/nueva\/wp-json\/wp\/v2\/posts\/3458"}],"collection":[{"href":"https:\/\/valorambiental.cl\/nueva\/wp-json\/wp\/v2\/posts"}],"about":[{"href":"https:\/\/valorambiental.cl\/nueva\/wp-json\/wp\/v2\/types\/post"}],"author":[{"embeddable":true,"href":"https:\/\/valorambiental.cl\/nueva\/wp-json\/wp\/v2\/users\/1"}],"replies":[{"embeddable":true,"href":"https:\/\/valorambiental.cl\/nueva\/wp-json\/wp\/v2\/comments?post=3458"}],"version-history":[{"count":4,"href":"https:\/\/valorambiental.cl\/nueva\/wp-json\/wp\/v2\/posts\/3458\/revisions"}],"predecessor-version":[{"id":3463,"href":"https:\/\/valorambiental.cl\/nueva\/wp-json\/wp\/v2\/posts\/3458\/revisions\/3463"}],"wp:featuredmedia":[{"embeddable":true,"href":"https:\/\/valorambiental.cl\/nueva\/wp-json\/wp\/v2\/media\/3459"}],"wp:attachment":[{"href":"https:\/\/valorambiental.cl\/nueva\/wp-json\/wp\/v2\/media?parent=3458"}],"wp:term":[{"taxonomy":"category","embeddable":true,"href":"https:\/\/valorambiental.cl\/nueva\/wp-json\/wp\/v2\/categories?post=3458"},{"taxonomy":"post_tag","embeddable":true,"href":"https:\/\/valorambiental.cl\/nueva\/wp-json\/wp\/v2\/tags?post=3458"}],"curies":[{"name":"wp","href":"https:\/\/api.w.org\/{rel}","templated":true}]}}