{"id":3402,"date":"2020-10-02T19:24:49","date_gmt":"2020-10-02T19:24:49","guid":{"rendered":"https:\/\/valorambiental.cl\/nueva\/?p=3402"},"modified":"2021-07-07T19:31:43","modified_gmt":"2021-07-07T19:31:43","slug":"valor-ambiental-alcanza-categoria-muy-bueno-en-auditoria-de-la-mutual-de-seguridad","status":"publish","type":"post","link":"https:\/\/valorambiental.cl\/nueva\/2020\/10\/02\/valor-ambiental-alcanza-categoria-muy-bueno-en-auditoria-de-la-mutual-de-seguridad\/","title":{"rendered":"Valor Ambiental alcanza categor\u00eda \u201cMuy Bueno\u201d en auditoria de la Mutual de Seguridad"},"content":{"rendered":"<p><b>Un 90% de cumplimiento correspondiente a la categor\u00eda Muy Bueno, alcanz\u00f3 Valor Ambiental en la auditoria de seguridad y salud en el marco del Programa Empresa Est\u00e1ndar de la Mutual de Seguridad.<\/b><\/p>\n<p>Esta evaluaci\u00f3n, que por primera vez efect\u00faa VA, tiene un a\u00f1o de vigencia y considera la revisi\u00f3n de toda la documentaci\u00f3n de prevenci\u00f3n de riesgos y matrices tanto legales como de seguridad, a partir de septiembre de 2019 hasta ahora.<\/p>\n<p>\u201cSe revisa la pol\u00edtica, la identificaci\u00f3n de peligros; evaluaci\u00f3n de riesgos; el programa SST; la capacitaci\u00f3n legal en temas de seguridad y salud ocupacional; el comit\u00e9 paritario de higiene y seguridad; la preparaci\u00f3n ante emergencias y desastres; y los incidentes y acciones correctivas, entre otros antecedentes, explic\u00f3 Fabian Gysling, asesor en Prevenci\u00f3n de Riesgos de VA, quien agreg\u00f3 que esto acredita que la empresa cumple los criterios de competitividad y con los est\u00e1ndares que se exigen en materia de Salud y Seguridad.<\/p>\n<p>\u201cEstos requisitos est\u00e1n dise\u00f1ados para cumplir con los aspectos legales, verificar la planificaci\u00f3n de la gesti\u00f3n de riesgos y determinar la participaci\u00f3n de quienes tienen roles en la gesti\u00f3n de la seguridad y salud en el trabajo\u201d, indica el informe de la Mutual.<\/p>\n","protected":false},"excerpt":{"rendered":"<p>Un 90% de cumplimiento correspondiente a la categor\u00eda Muy Bueno, alcanz\u00f3 Valor Ambiental en la auditoria de seguridad y salud en el marco del Programa Empresa Est\u00e1ndar de la Mutual de Seguridad. Esta evaluaci\u00f3n, que por primera vez efect\u00faa VA, tiene un a\u00f1o de vigencia y considera la revisi\u00f3n de toda la documentaci\u00f3n de prevenci\u00f3n [&hellip;]<\/p>\n","protected":false},"author":1,"featured_media":3403,"comment_status":"closed","ping_status":"closed","sticky":false,"template":"","format":"standard","meta":[],"categories":[1],"tags":[],"featured_image_src":{"landsacpe":["https:\/\/valorambiental.cl\/nueva\/wp-content\/uploads\/2021\/07\/catmbmutual-1080x445.jpg",1080,445,true],"list":["https:\/\/valorambiental.cl\/nueva\/wp-content\/uploads\/2021\/07\/catmbmutual-463x348.jpg",463,348,true],"medium":["https:\/\/valorambiental.cl\/nueva\/wp-content\/uploads\/2021\/07\/catmbmutual-300x300.jpg",300,300,true],"full":["https:\/\/valorambiental.cl\/nueva\/wp-content\/uploads\/2021\/07\/catmbmutual.jpg",1080,1080,false]},"_links":{"self":[{"href":"https:\/\/valorambiental.cl\/nueva\/wp-json\/wp\/v2\/posts\/3402"}],"collection":[{"href":"https:\/\/valorambiental.cl\/nueva\/wp-json\/wp\/v2\/posts"}],"about":[{"href":"https:\/\/valorambiental.cl\/nueva\/wp-json\/wp\/v2\/types\/post"}],"author":[{"embeddable":true,"href":"https:\/\/valorambiental.cl\/nueva\/wp-json\/wp\/v2\/users\/1"}],"replies":[{"embeddable":true,"href":"https:\/\/valorambiental.cl\/nueva\/wp-json\/wp\/v2\/comments?post=3402"}],"version-history":[{"count":1,"href":"https:\/\/valorambiental.cl\/nueva\/wp-json\/wp\/v2\/posts\/3402\/revisions"}],"predecessor-version":[{"id":3404,"href":"https:\/\/valorambiental.cl\/nueva\/wp-json\/wp\/v2\/posts\/3402\/revisions\/3404"}],"wp:featuredmedia":[{"embeddable":true,"href":"https:\/\/valorambiental.cl\/nueva\/wp-json\/wp\/v2\/media\/3403"}],"wp:attachment":[{"href":"https:\/\/valorambiental.cl\/nueva\/wp-json\/wp\/v2\/media?parent=3402"}],"wp:term":[{"taxonomy":"category","embeddable":true,"href":"https:\/\/valorambiental.cl\/nueva\/wp-json\/wp\/v2\/categories?post=3402"},{"taxonomy":"post_tag","embeddable":true,"href":"https:\/\/valorambiental.cl\/nueva\/wp-json\/wp\/v2\/tags?post=3402"}],"curies":[{"name":"wp","href":"https:\/\/api.w.org\/{rel}","templated":true}]}}