{"id":3398,"date":"2020-09-14T18:24:15","date_gmt":"2020-09-14T18:24:15","guid":{"rendered":"https:\/\/valorambiental.cl\/nueva\/?p=3398"},"modified":"2021-07-07T19:18:47","modified_gmt":"2021-07-07T19:18:47","slug":"somos-parte-del-directorio-de-proveedores-de-www-portalminero-com","status":"publish","type":"post","link":"https:\/\/valorambiental.cl\/nueva\/2020\/09\/14\/somos-parte-del-directorio-de-proveedores-de-www-portalminero-com\/","title":{"rendered":"Somos parte del Directorio de Proveedores de www.portalminero.com"},"content":{"rendered":"<p><b>Desde el mes de septiembre, Valor Ambiental forma parte de la p\u00e1gina web\u00a0<a href=\"https:\/\/www.portalminero.com\/\" target=\"new\" rel=\"noopener noreferrer\">www.portalminero.com<\/a>; una de las plataformas l\u00edderes en informaci\u00f3n y negocios para la miner\u00eda y la industria en Chile.<\/b><\/p>\n<p>Esto nos permitir\u00e1 acceder a licitaciones y proyectos de la industria minera, tanto nacional como latinoamericana y encontrar nuevas oportunidades de negocio. \u201cPortal Minero tiene una trayectoria de m\u00e1s de 14 a\u00f1os, posee un alto nivel de reconocimiento por la calidad de servicios que ofrece para las empresas de este sector productivo\u201d, indic\u00f3 Karina Barraza, L\u00edder en Gesti\u00f3n de Negocios de VA.<\/p>\n<p>Para encontrarnos, se debe ingresar al link Plataforma de Negocios, luego a Directorio de Proveedores y ocupar el buscador del portal. (<a href=\"https:\/\/www.portalminero.com\/wp\/valor-ambiental-servicios-de-gestion-ambiental-spa\/\" target=\"new\" rel=\"noopener noreferrer\">https:\/\/www.portalminero.com\/wp\/valor-ambiental-servicios-de-gestion-ambiental-spa\/<\/a>)<\/p>\n<p>Plataforma de Negocios es una nueva herramienta de Portal Minero, que pone a disposici\u00f3n de proveedores y mandantes, informaci\u00f3n de los productos y servicios de las distintas empresas que disponen de las mejores alternativas para sus compa\u00f1\u00edas.<\/p>\n","protected":false},"excerpt":{"rendered":"<p>Desde el mes de septiembre, Valor Ambiental forma parte de la p\u00e1gina web\u00a0www.portalminero.com; una de las plataformas l\u00edderes en informaci\u00f3n y negocios para la miner\u00eda y la industria en Chile. Esto nos permitir\u00e1 acceder a licitaciones y proyectos de la industria minera, tanto nacional como latinoamericana y encontrar nuevas oportunidades de negocio. \u201cPortal Minero tiene [&hellip;]<\/p>\n","protected":false},"author":1,"featured_media":3399,"comment_status":"closed","ping_status":"closed","sticky":false,"template":"","format":"standard","meta":[],"categories":[1],"tags":[],"featured_image_src":{"landsacpe":["https:\/\/valorambiental.cl\/nueva\/wp-content\/uploads\/2021\/07\/portalminero-1080x445.jpg",1080,445,true],"list":["https:\/\/valorambiental.cl\/nueva\/wp-content\/uploads\/2021\/07\/portalminero-463x348.jpg",463,348,true],"medium":["https:\/\/valorambiental.cl\/nueva\/wp-content\/uploads\/2021\/07\/portalminero-300x300.jpg",300,300,true],"full":["https:\/\/valorambiental.cl\/nueva\/wp-content\/uploads\/2021\/07\/portalminero.jpg",1080,1080,false]},"_links":{"self":[{"href":"https:\/\/valorambiental.cl\/nueva\/wp-json\/wp\/v2\/posts\/3398"}],"collection":[{"href":"https:\/\/valorambiental.cl\/nueva\/wp-json\/wp\/v2\/posts"}],"about":[{"href":"https:\/\/valorambiental.cl\/nueva\/wp-json\/wp\/v2\/types\/post"}],"author":[{"embeddable":true,"href":"https:\/\/valorambiental.cl\/nueva\/wp-json\/wp\/v2\/users\/1"}],"replies":[{"embeddable":true,"href":"https:\/\/valorambiental.cl\/nueva\/wp-json\/wp\/v2\/comments?post=3398"}],"version-history":[{"count":2,"href":"https:\/\/valorambiental.cl\/nueva\/wp-json\/wp\/v2\/posts\/3398\/revisions"}],"predecessor-version":[{"id":3401,"href":"https:\/\/valorambiental.cl\/nueva\/wp-json\/wp\/v2\/posts\/3398\/revisions\/3401"}],"wp:featuredmedia":[{"embeddable":true,"href":"https:\/\/valorambiental.cl\/nueva\/wp-json\/wp\/v2\/media\/3399"}],"wp:attachment":[{"href":"https:\/\/valorambiental.cl\/nueva\/wp-json\/wp\/v2\/media?parent=3398"}],"wp:term":[{"taxonomy":"category","embeddable":true,"href":"https:\/\/valorambiental.cl\/nueva\/wp-json\/wp\/v2\/categories?post=3398"},{"taxonomy":"post_tag","embeddable":true,"href":"https:\/\/valorambiental.cl\/nueva\/wp-json\/wp\/v2\/tags?post=3398"}],"curies":[{"name":"wp","href":"https:\/\/api.w.org\/{rel}","templated":true}]}}