{"id":3165,"date":"2020-08-01T21:54:37","date_gmt":"2020-08-01T21:54:37","guid":{"rendered":"https:\/\/valorambiental.cl\/nueva\/?p=3165"},"modified":"2020-09-01T21:55:43","modified_gmt":"2020-09-01T21:55:43","slug":"equipo-participa-en-taller-para-gestionar-las-emociones","status":"publish","type":"post","link":"https:\/\/valorambiental.cl\/nueva\/2020\/08\/01\/equipo-participa-en-taller-para-gestionar-las-emociones\/","title":{"rendered":"Equipo participa en taller para gestionar las emociones"},"content":{"rendered":"<p style=\"text-align: justify;\"><b>Desde el viernes 31 de julio, diez integrantes de nuestro equipo comenzaron a participar de los talleres Gesti\u00f3n del Fuego: AEI (Ansiedad, Enojo, Impaciencia) a cargo de la Licenciada en Educaci\u00f3n, especialista en capacitaci\u00f3n a trav\u00e9s de juegos y aprendizaje emocional, Paty Wilensky.<\/b><\/p>\n<p style=\"text-align: justify;\">Participan m\u00e1s de 50 personas de Latinoam\u00e9rica, y el objetivo es vivenciar los diversos componentes de la emoci\u00f3n, de modo tal que puedan reconocerla, regularla y utilizarla reversiblemente con sus ventajas y desventajas.<\/p>\n<p style=\"text-align: justify;\">\u201cCuando una persona es consciente de su emoci\u00f3n de enojo, en vez de utilizarla contra los dem\u00e1s, la usas a favor de un equipo, grupo o familia. Los desaf\u00edos, el coraje y la confianza en s\u00ed mismo dependen del fuego\u201d, indic\u00f3 Paty Wilensky.<\/p>\n<p style=\"text-align: justify;\">\u201cEl curso ha sido muy provechoso y me ha servido para enfrentar ciertas situaciones, que en ocasiones sobrepasan y no sabes como manejarlas. Ha sido bueno para conocerme y darme cuenta de que esas situaciones puedo controlarlas y abordarlas de forma distinta. Ha sido un crecimiento personal provechoso y que me ha permitido aplicarlo en el d\u00eda a d\u00eda\u201d, reflexion\u00f3 Paola O\u00f1ate, Gerente de Administraci\u00f3n y Finanzas.<\/p>\n","protected":false},"excerpt":{"rendered":"<p>Desde el viernes 31 de julio, diez integrantes de nuestro equipo comenzaron a participar de los talleres Gesti\u00f3n del Fuego: AEI (Ansiedad, Enojo, Impaciencia) a cargo de la Licenciada en Educaci\u00f3n, especialista en capacitaci\u00f3n a trav\u00e9s de juegos y aprendizaje emocional, Paty Wilensky. Participan m\u00e1s de 50 personas de Latinoam\u00e9rica, y el objetivo es vivenciar [&hellip;]<\/p>\n","protected":false},"author":1,"featured_media":3166,"comment_status":"open","ping_status":"open","sticky":false,"template":"","format":"standard","meta":[],"categories":[3],"tags":[],"featured_image_src":{"landsacpe":["https:\/\/valorambiental.cl\/nueva\/wp-content\/uploads\/2020\/09\/GesEmociones-1080x445.jpg",1080,445,true],"list":["https:\/\/valorambiental.cl\/nueva\/wp-content\/uploads\/2020\/09\/GesEmociones-463x348.jpg",463,348,true],"medium":["https:\/\/valorambiental.cl\/nueva\/wp-content\/uploads\/2020\/09\/GesEmociones-300x300.jpg",300,300,true],"full":["https:\/\/valorambiental.cl\/nueva\/wp-content\/uploads\/2020\/09\/GesEmociones.jpg",1080,1080,false]},"_links":{"self":[{"href":"https:\/\/valorambiental.cl\/nueva\/wp-json\/wp\/v2\/posts\/3165"}],"collection":[{"href":"https:\/\/valorambiental.cl\/nueva\/wp-json\/wp\/v2\/posts"}],"about":[{"href":"https:\/\/valorambiental.cl\/nueva\/wp-json\/wp\/v2\/types\/post"}],"author":[{"embeddable":true,"href":"https:\/\/valorambiental.cl\/nueva\/wp-json\/wp\/v2\/users\/1"}],"replies":[{"embeddable":true,"href":"https:\/\/valorambiental.cl\/nueva\/wp-json\/wp\/v2\/comments?post=3165"}],"version-history":[{"count":1,"href":"https:\/\/valorambiental.cl\/nueva\/wp-json\/wp\/v2\/posts\/3165\/revisions"}],"predecessor-version":[{"id":3167,"href":"https:\/\/valorambiental.cl\/nueva\/wp-json\/wp\/v2\/posts\/3165\/revisions\/3167"}],"wp:featuredmedia":[{"embeddable":true,"href":"https:\/\/valorambiental.cl\/nueva\/wp-json\/wp\/v2\/media\/3166"}],"wp:attachment":[{"href":"https:\/\/valorambiental.cl\/nueva\/wp-json\/wp\/v2\/media?parent=3165"}],"wp:term":[{"taxonomy":"category","embeddable":true,"href":"https:\/\/valorambiental.cl\/nueva\/wp-json\/wp\/v2\/categories?post=3165"},{"taxonomy":"post_tag","embeddable":true,"href":"https:\/\/valorambiental.cl\/nueva\/wp-json\/wp\/v2\/tags?post=3165"}],"curies":[{"name":"wp","href":"https:\/\/api.w.org\/{rel}","templated":true}]}}