{"id":3162,"date":"2020-08-01T21:51:29","date_gmt":"2020-08-01T21:51:29","guid":{"rendered":"https:\/\/valorambiental.cl\/nueva\/?p=3162"},"modified":"2020-09-01T21:52:51","modified_gmt":"2020-09-01T21:52:51","slug":"asesoria-de-compite-1000-busca-aumentar-la-productividad-de-va","status":"publish","type":"post","link":"https:\/\/valorambiental.cl\/nueva\/2020\/08\/01\/asesoria-de-compite-1000-busca-aumentar-la-productividad-de-va\/","title":{"rendered":"Asesor\u00eda de Compite +1000 busca aumentar la productividad de VA"},"content":{"rendered":"<p style=\"text-align: justify;\"><b>Hace tres semanas comenz\u00f3 la intervenci\u00f3n de Compite + 1000 en Valor Ambiental. Se trata de un programa de asesor\u00eda, certificado por la Universidad Adolfo Ib\u00e1\u00f1ez, que mejora la productividad, competitividad y potencial de expansi\u00f3n de las pymes. Esto a trav\u00e9s de procesos de acompa\u00f1amiento, capacitaciones e instancias colaborativas que mejoran la productividad y competitividad de las empresas.<\/b><\/p>\n<p style=\"text-align: justify;\">\u201cEstamos finalizando la etapa de diagn\u00f3stico que contempl\u00f3 tres sesiones de una entrevista en profundidad y una encuesta online. Se identificaron las brechas de competitividad y ahora corresponde la etapa de proyecci\u00f3n y alineaci\u00f3n, donde intervendr\u00e1n un ingeniero de proyectos y un tutor senior\u201d, indic\u00f3 Mat\u00edas Jorquera, Ingeniero de Proyectos de Compite.<\/p>\n<p style=\"text-align: justify;\">El fin de esta intervenci\u00f3n, que en total dura 8 meses, es generar un hilo conductor para que conversen y exista sinergia entre los diversos procesos.<\/p>\n<p style=\"text-align: justify;\">\u201cConfiamos en que el trabajo con Compite impactar\u00e1 positivamente en la manera de funcionar de Valor Ambiental, pudiendo orquestar y metodologizar la convergencia de todos los desaf\u00edos que hasta hoy hemos realizado de manera intuitiva en distintos \u00e1mbitos; gesti\u00f3n de personas, innovaci\u00f3n, gesti\u00f3n de venta, alianzas estrat\u00e9gicas y responsabilidad social entre otras. Trabajaremos arduamente para que en el corto plazo se vean los primeros resultados de esta intervenci\u00f3n\u201d.<\/p>\n","protected":false},"excerpt":{"rendered":"<p>Hace tres semanas comenz\u00f3 la intervenci\u00f3n de Compite + 1000 en Valor Ambiental. Se trata de un programa de asesor\u00eda, certificado por la Universidad Adolfo Ib\u00e1\u00f1ez, que mejora la productividad, competitividad y potencial de expansi\u00f3n de las pymes. Esto a trav\u00e9s de procesos de acompa\u00f1amiento, capacitaciones e instancias colaborativas que mejoran la productividad y competitividad [&hellip;]<\/p>\n","protected":false},"author":1,"featured_media":3163,"comment_status":"open","ping_status":"open","sticky":false,"template":"","format":"standard","meta":[],"categories":[3],"tags":[],"featured_image_src":{"landsacpe":["https:\/\/valorambiental.cl\/nueva\/wp-content\/uploads\/2020\/09\/Compite1000-1080x445.jpg",1080,445,true],"list":["https:\/\/valorambiental.cl\/nueva\/wp-content\/uploads\/2020\/09\/Compite1000-463x348.jpg",463,348,true],"medium":["https:\/\/valorambiental.cl\/nueva\/wp-content\/uploads\/2020\/09\/Compite1000-300x300.jpg",300,300,true],"full":["https:\/\/valorambiental.cl\/nueva\/wp-content\/uploads\/2020\/09\/Compite1000.jpg",1080,1080,false]},"_links":{"self":[{"href":"https:\/\/valorambiental.cl\/nueva\/wp-json\/wp\/v2\/posts\/3162"}],"collection":[{"href":"https:\/\/valorambiental.cl\/nueva\/wp-json\/wp\/v2\/posts"}],"about":[{"href":"https:\/\/valorambiental.cl\/nueva\/wp-json\/wp\/v2\/types\/post"}],"author":[{"embeddable":true,"href":"https:\/\/valorambiental.cl\/nueva\/wp-json\/wp\/v2\/users\/1"}],"replies":[{"embeddable":true,"href":"https:\/\/valorambiental.cl\/nueva\/wp-json\/wp\/v2\/comments?post=3162"}],"version-history":[{"count":1,"href":"https:\/\/valorambiental.cl\/nueva\/wp-json\/wp\/v2\/posts\/3162\/revisions"}],"predecessor-version":[{"id":3164,"href":"https:\/\/valorambiental.cl\/nueva\/wp-json\/wp\/v2\/posts\/3162\/revisions\/3164"}],"wp:featuredmedia":[{"embeddable":true,"href":"https:\/\/valorambiental.cl\/nueva\/wp-json\/wp\/v2\/media\/3163"}],"wp:attachment":[{"href":"https:\/\/valorambiental.cl\/nueva\/wp-json\/wp\/v2\/media?parent=3162"}],"wp:term":[{"taxonomy":"category","embeddable":true,"href":"https:\/\/valorambiental.cl\/nueva\/wp-json\/wp\/v2\/categories?post=3162"},{"taxonomy":"post_tag","embeddable":true,"href":"https:\/\/valorambiental.cl\/nueva\/wp-json\/wp\/v2\/tags?post=3162"}],"curies":[{"name":"wp","href":"https:\/\/api.w.org\/{rel}","templated":true}]}}