{"id":3155,"date":"2020-08-01T21:42:18","date_gmt":"2020-08-01T21:42:18","guid":{"rendered":"https:\/\/valorambiental.cl\/nueva\/?p=3155"},"modified":"2020-09-01T21:45:35","modified_gmt":"2020-09-01T21:45:35","slug":"innovacion-va-trabaja-en-identificar-las-necesidades-futuras-de-sus-clientes","status":"publish","type":"post","link":"https:\/\/valorambiental.cl\/nueva\/2020\/08\/01\/innovacion-va-trabaja-en-identificar-las-necesidades-futuras-de-sus-clientes\/","title":{"rendered":"Innovaci\u00f3n: VA trabaja en identificar las necesidades futuras de sus clientes"},"content":{"rendered":"<p class=\"lead\" style=\"text-align: justify;\"><b>Transferir metodolog\u00edas para mejorar la capacidad de desarrollar nuevos productos y servicios en Valor Ambiental, fue el prop\u00f3sito del curso M\u00e9todos y Mindset de Innovaci\u00f3n, que dict\u00f3 el Director del Centro de Dise\u00f1o de Ingenier\u00eda de la Universidad Adolfo Ib\u00e1\u00f1ez, Javier Traslavi\u00f1a, en el marco del proyecto Instala Innovaci\u00f3n de Corfo.<\/b><\/p>\n<p style=\"text-align: justify;\">\u201cQu\u00e9 actividades se deben realizar para crear un nuevo futuro o conocer el futuro desconocido. Las empresas usualmente gestionan lo conocido, o lo presente, pero ahora es necesario conocer lo que suceder\u00e1. El proyecto considera un proceso de transformaci\u00f3n con tres focos de trabajo, todo lo que involucra una serie de desaf\u00edos para crear nuevos proyectos\u201d, indic\u00f3 Juan Carlos Bravo de Acelera Innova.<\/p>\n<p style=\"text-align: justify;\">As\u00ed entonces a trav\u00e9s de la herramienta Value Proposition Canvas, pusieron como ejemplo, clientes movilizadores y desmovilizadores, as\u00ed como facilitadores y alineadores.<\/p>\n<p style=\"text-align: justify;\">\u201cEs muy importante incorporar y ejercitar esta nueva metodolog\u00eda que analizamos, porque podemos revisar nuestra situaci\u00f3n presente e identificar los requerimientos del cliente. Esto va a permitir a Valor Ambiental gestionar el presente, enfocar bien los esfuerzos y as\u00ed llegar al futuro esperado\u201d, reflexion\u00f3 Samuel Araya, encargado de calidad.<\/p>\n","protected":false},"excerpt":{"rendered":"<p>Transferir metodolog\u00edas para mejorar la capacidad de desarrollar nuevos productos y servicios en Valor Ambiental, fue el prop\u00f3sito del curso M\u00e9todos y Mindset de Innovaci\u00f3n, que dict\u00f3 el Director del Centro de Dise\u00f1o de Ingenier\u00eda de la Universidad Adolfo Ib\u00e1\u00f1ez, Javier Traslavi\u00f1a, en el marco del proyecto Instala Innovaci\u00f3n de Corfo. \u201cQu\u00e9 actividades se deben [&hellip;]<\/p>\n","protected":false},"author":1,"featured_media":3158,"comment_status":"open","ping_status":"open","sticky":false,"template":"","format":"standard","meta":[],"categories":[3],"tags":[],"featured_image_src":{"landsacpe":["https:\/\/valorambiental.cl\/nueva\/wp-content\/uploads\/2020\/08\/Innovacion6820-1080x445.jpg",1080,445,true],"list":["https:\/\/valorambiental.cl\/nueva\/wp-content\/uploads\/2020\/08\/Innovacion6820-463x348.jpg",463,348,true],"medium":["https:\/\/valorambiental.cl\/nueva\/wp-content\/uploads\/2020\/08\/Innovacion6820-300x300.jpg",300,300,true],"full":["https:\/\/valorambiental.cl\/nueva\/wp-content\/uploads\/2020\/08\/Innovacion6820.jpg",1080,1080,false]},"_links":{"self":[{"href":"https:\/\/valorambiental.cl\/nueva\/wp-json\/wp\/v2\/posts\/3155"}],"collection":[{"href":"https:\/\/valorambiental.cl\/nueva\/wp-json\/wp\/v2\/posts"}],"about":[{"href":"https:\/\/valorambiental.cl\/nueva\/wp-json\/wp\/v2\/types\/post"}],"author":[{"embeddable":true,"href":"https:\/\/valorambiental.cl\/nueva\/wp-json\/wp\/v2\/users\/1"}],"replies":[{"embeddable":true,"href":"https:\/\/valorambiental.cl\/nueva\/wp-json\/wp\/v2\/comments?post=3155"}],"version-history":[{"count":1,"href":"https:\/\/valorambiental.cl\/nueva\/wp-json\/wp\/v2\/posts\/3155\/revisions"}],"predecessor-version":[{"id":3156,"href":"https:\/\/valorambiental.cl\/nueva\/wp-json\/wp\/v2\/posts\/3155\/revisions\/3156"}],"wp:featuredmedia":[{"embeddable":true,"href":"https:\/\/valorambiental.cl\/nueva\/wp-json\/wp\/v2\/media\/3158"}],"wp:attachment":[{"href":"https:\/\/valorambiental.cl\/nueva\/wp-json\/wp\/v2\/media?parent=3155"}],"wp:term":[{"taxonomy":"category","embeddable":true,"href":"https:\/\/valorambiental.cl\/nueva\/wp-json\/wp\/v2\/categories?post=3155"},{"taxonomy":"post_tag","embeddable":true,"href":"https:\/\/valorambiental.cl\/nueva\/wp-json\/wp\/v2\/tags?post=3155"}],"curies":[{"name":"wp","href":"https:\/\/api.w.org\/{rel}","templated":true}]}}