{"id":3152,"date":"2020-08-01T21:38:55","date_gmt":"2020-08-01T21:38:55","guid":{"rendered":"https:\/\/valorambiental.cl\/nueva\/?p=3152"},"modified":"2020-09-01T21:41:39","modified_gmt":"2020-09-01T21:41:39","slug":"sicologo-clinico-compartio-con-equipo-de-valor-ambiental-conceptos-y-dimensiones-del-bienestar","status":"publish","type":"post","link":"https:\/\/valorambiental.cl\/nueva\/2020\/08\/01\/sicologo-clinico-compartio-con-equipo-de-valor-ambiental-conceptos-y-dimensiones-del-bienestar\/","title":{"rendered":"Sic\u00f3logo cl\u00ednico comparti\u00f3 con equipo de Valor Ambiental conceptos y dimensiones del bienestar"},"content":{"rendered":"<p style=\"text-align: justify;\"><b>Sandro Giovanazzi, es sic\u00f3logo cl\u00ednico y doctor en sicolog\u00eda de la Universidad de Palermo, Buenos Aires. El equipo de Valor Ambiental comparti\u00f3 con el profesional un proceso de screening psicol\u00f3gico y una charla asociada, la cual estuvo centrada en el bienestar, el manejo de las emociones y la psicolog\u00eda positiva.<\/b><\/p>\n<p style=\"text-align: justify;\">\u201cVimos que la sintomatolog\u00eda cl\u00ednica no solamente afecta en un rango etario como la adultez, si no que en distintas etapas de la vida. La din\u00e1mica que ocurre en la actualidad ha aumentado las consultas por cuadros cl\u00ednicos de estr\u00e9s y de ansiedad; y tambi\u00e9n ha hecho que se disparen ciertos cuadros patol\u00f3gicos asociados, como la violencia intrafamiliar\u201d, sostuvo el especialista.<\/p>\n<p style=\"text-align: justify;\">Adem\u00e1s, analizaron el concepto de inteligencia emocional, como la capacidad de gestionar las emociones y transformarlas para adaptarse al contexto y a las relaciones interpersonales, entre otros conceptos. \u201cRevisamos el bienestar humano asociado a ciertos \u00e1mbitos ecosist\u00e9micos como la familia, la comunidad, el pa\u00eds y las instituciones. Trabajamos el bienestar en el sentido de las dimensiones de riesgo y los factores protectores\u201d, detall\u00f3 Giovanazzi.<\/p>\n<p style=\"text-align: justify;\">\u201cMe pareci\u00f3 muy \u00fatil para conocer un poco m\u00e1s de lo que esta pasando. Inducir el entendimiento de los paradigmas que nos se\u00f1alaba como las teor\u00edas conductuales de porqu\u00e9 hacemos o porqu\u00e9 dejamos de hacer ciertas cosas, creo que es bastante \u00fatil para vivir estos d\u00edas encerrados con una cuarentena que se nos vino ya por fin. Nuestro estilo de vida cambi\u00f3 en muy poco tiempo y a todos nos afecta en mayor o menor medida. Existen un mont\u00f3n de emociones y no sabemos c\u00f3mo explicar lo que nos est\u00e1 pasando\u201d, reflexion\u00f3 Rodrigo Hayden, L\u00edder de Proyectos de VA.<\/p>\n","protected":false},"excerpt":{"rendered":"<p>Sandro Giovanazzi, es sic\u00f3logo cl\u00ednico y doctor en sicolog\u00eda de la Universidad de Palermo, Buenos Aires. El equipo de Valor Ambiental comparti\u00f3 con el profesional un proceso de screening psicol\u00f3gico y una charla asociada, la cual estuvo centrada en el bienestar, el manejo de las emociones y la psicolog\u00eda positiva. \u201cVimos que la sintomatolog\u00eda cl\u00ednica [&hellip;]<\/p>\n","protected":false},"author":1,"featured_media":3153,"comment_status":"open","ping_status":"open","sticky":false,"template":"","format":"standard","meta":[],"categories":[3],"tags":[],"featured_image_src":{"landsacpe":["https:\/\/valorambiental.cl\/nueva\/wp-content\/uploads\/2020\/09\/Bienestar-1140x445.jpg",1140,445,true],"list":["https:\/\/valorambiental.cl\/nueva\/wp-content\/uploads\/2020\/09\/Bienestar-463x348.jpg",463,348,true],"medium":["https:\/\/valorambiental.cl\/nueva\/wp-content\/uploads\/2020\/09\/Bienestar-300x300.jpg",300,300,true],"full":["https:\/\/valorambiental.cl\/nueva\/wp-content\/uploads\/2020\/09\/Bienestar.jpg",2160,2160,false]},"_links":{"self":[{"href":"https:\/\/valorambiental.cl\/nueva\/wp-json\/wp\/v2\/posts\/3152"}],"collection":[{"href":"https:\/\/valorambiental.cl\/nueva\/wp-json\/wp\/v2\/posts"}],"about":[{"href":"https:\/\/valorambiental.cl\/nueva\/wp-json\/wp\/v2\/types\/post"}],"author":[{"embeddable":true,"href":"https:\/\/valorambiental.cl\/nueva\/wp-json\/wp\/v2\/users\/1"}],"replies":[{"embeddable":true,"href":"https:\/\/valorambiental.cl\/nueva\/wp-json\/wp\/v2\/comments?post=3152"}],"version-history":[{"count":1,"href":"https:\/\/valorambiental.cl\/nueva\/wp-json\/wp\/v2\/posts\/3152\/revisions"}],"predecessor-version":[{"id":3154,"href":"https:\/\/valorambiental.cl\/nueva\/wp-json\/wp\/v2\/posts\/3152\/revisions\/3154"}],"wp:featuredmedia":[{"embeddable":true,"href":"https:\/\/valorambiental.cl\/nueva\/wp-json\/wp\/v2\/media\/3153"}],"wp:attachment":[{"href":"https:\/\/valorambiental.cl\/nueva\/wp-json\/wp\/v2\/media?parent=3152"}],"wp:term":[{"taxonomy":"category","embeddable":true,"href":"https:\/\/valorambiental.cl\/nueva\/wp-json\/wp\/v2\/categories?post=3152"},{"taxonomy":"post_tag","embeddable":true,"href":"https:\/\/valorambiental.cl\/nueva\/wp-json\/wp\/v2\/tags?post=3152"}],"curies":[{"name":"wp","href":"https:\/\/api.w.org\/{rel}","templated":true}]}}