{"id":3146,"date":"2020-05-01T21:34:54","date_gmt":"2020-05-01T21:34:54","guid":{"rendered":"https:\/\/valorambiental.cl\/nueva\/?p=3146"},"modified":"2020-09-01T21:36:17","modified_gmt":"2020-09-01T21:36:17","slug":"sicologo-laboral-asesora-a-equipo-de-valor-ambiental-para-enfrentar-confinamiento-y-teletrabajo","status":"publish","type":"post","link":"https:\/\/valorambiental.cl\/nueva\/2020\/05\/01\/sicologo-laboral-asesora-a-equipo-de-valor-ambiental-para-enfrentar-confinamiento-y-teletrabajo\/","title":{"rendered":"Sic\u00f3logo laboral asesora a equipo de Valor Ambiental Para enfrentar confinamiento y teletrabajo"},"content":{"rendered":"<p style=\"text-align: justify;\"><b>La esencia de Valor Ambiental son las personas.<\/b>\u00a0Y por estos d\u00edas, en que el mundo entero se ve afectado por el contagio del virus COVID 19; estamos atentos para brindar a cada uno de los integrantes de nuestro equipo la contenci\u00f3n emocional suficiente.<\/p>\n<p style=\"text-align: justify;\">El sic\u00f3logo laboral Carlos D\u00edaz Lastreto, es coach desde hace bastantes a\u00f1os de Valor Ambiental y nos ofreci\u00f3 una conversaci\u00f3n de 90 minutos, para abordar temas relacionados con la ansiedad y teletrabajo, con el fin de consensuar pr\u00e1cticas individuales y colectivas; que permitan enfrentar esta situaci\u00f3n que, en muchos casos, genera inquietud e incertidumbre.<\/p>\n<p style=\"text-align: justify;\">&#8220;Fue una instancia para escuchar al equipo, para saber c\u00f3mo se sienten y qu\u00e9 les preocupa. La mayor inquietud que demuestran es c\u00f3mo equilibrar el trabajo con las labores de la casa y el sic\u00f3logo logr\u00f3 orientarlos y hacer algunas recomendaciones&#8221;, sostuvo Lorena Cortes, Gerente de Personas de VA.<\/p>\n<p style=\"text-align: justify;\">Esto es parte de las capacitaciones que se est\u00e1n haciendo al equipo. Se proyecta continuar con un ciclo de charlas, que vayan en directo beneficio de la salud f\u00edsica y emocional de cada uno de los profesionales y sus familias.<\/p>\n","protected":false},"excerpt":{"rendered":"<p>La esencia de Valor Ambiental son las personas.\u00a0Y por estos d\u00edas, en que el mundo entero se ve afectado por el contagio del virus COVID 19; estamos atentos para brindar a cada uno de los integrantes de nuestro equipo la contenci\u00f3n emocional suficiente. El sic\u00f3logo laboral Carlos D\u00edaz Lastreto, es coach desde hace bastantes a\u00f1os [&hellip;]<\/p>\n","protected":false},"author":1,"featured_media":3147,"comment_status":"open","ping_status":"open","sticky":false,"template":"","format":"standard","meta":[],"categories":[3],"tags":[],"featured_image_src":{"landsacpe":["https:\/\/valorambiental.cl\/nueva\/wp-content\/uploads\/2020\/09\/chteletrabajo.jpg",992,391,false],"list":["https:\/\/valorambiental.cl\/nueva\/wp-content\/uploads\/2020\/09\/chteletrabajo-463x348.jpg",463,348,true],"medium":["https:\/\/valorambiental.cl\/nueva\/wp-content\/uploads\/2020\/09\/chteletrabajo-300x118.jpg",300,118,true],"full":["https:\/\/valorambiental.cl\/nueva\/wp-content\/uploads\/2020\/09\/chteletrabajo.jpg",992,391,false]},"_links":{"self":[{"href":"https:\/\/valorambiental.cl\/nueva\/wp-json\/wp\/v2\/posts\/3146"}],"collection":[{"href":"https:\/\/valorambiental.cl\/nueva\/wp-json\/wp\/v2\/posts"}],"about":[{"href":"https:\/\/valorambiental.cl\/nueva\/wp-json\/wp\/v2\/types\/post"}],"author":[{"embeddable":true,"href":"https:\/\/valorambiental.cl\/nueva\/wp-json\/wp\/v2\/users\/1"}],"replies":[{"embeddable":true,"href":"https:\/\/valorambiental.cl\/nueva\/wp-json\/wp\/v2\/comments?post=3146"}],"version-history":[{"count":1,"href":"https:\/\/valorambiental.cl\/nueva\/wp-json\/wp\/v2\/posts\/3146\/revisions"}],"predecessor-version":[{"id":3148,"href":"https:\/\/valorambiental.cl\/nueva\/wp-json\/wp\/v2\/posts\/3146\/revisions\/3148"}],"wp:featuredmedia":[{"embeddable":true,"href":"https:\/\/valorambiental.cl\/nueva\/wp-json\/wp\/v2\/media\/3147"}],"wp:attachment":[{"href":"https:\/\/valorambiental.cl\/nueva\/wp-json\/wp\/v2\/media?parent=3146"}],"wp:term":[{"taxonomy":"category","embeddable":true,"href":"https:\/\/valorambiental.cl\/nueva\/wp-json\/wp\/v2\/categories?post=3146"},{"taxonomy":"post_tag","embeddable":true,"href":"https:\/\/valorambiental.cl\/nueva\/wp-json\/wp\/v2\/tags?post=3146"}],"curies":[{"name":"wp","href":"https:\/\/api.w.org\/{rel}","templated":true}]}}