{"id":3143,"date":"2020-05-01T21:17:53","date_gmt":"2020-05-01T21:17:53","guid":{"rendered":"https:\/\/valorambiental.cl\/nueva\/?p=3143"},"modified":"2020-09-01T21:21:55","modified_gmt":"2020-09-01T21:21:55","slug":"equipo-de-valor-ambiental-conoce-tips-de-nutricion-y-alimentacion-saludable-en-tiempos-de-pandemia","status":"publish","type":"post","link":"https:\/\/valorambiental.cl\/nueva\/2020\/05\/01\/equipo-de-valor-ambiental-conoce-tips-de-nutricion-y-alimentacion-saludable-en-tiempos-de-pandemia\/","title":{"rendered":"Equipo de Valor Ambiental conoce tips de nutrici\u00f3n Y alimentaci\u00f3n saludable en tiempos de pandemia"},"content":{"rendered":"<p style=\"text-align: justify;\">Estos d\u00edas de confinamiento en casa, teletrabajo, y temperaturas bajas, invitan a muchas veces a tentarse, y comer alimentos que no son los adecuados para la salud de nuestro cuerpo. En eso pens\u00f3 el Comit\u00e9 Paritario de Valor Ambiental junto al equipo Directivo, y decidieron ofrecer a l@s profesionales, charlas sobre Nutrici\u00f3n y Alimentaci\u00f3n Saludable.<\/p>\n<p style=\"text-align: justify;\">Manteniendo la modalidad de teletrabajo para resguardar la salud del equipo y sus familias, se contactaron con una nutricionista de Sportlife, en el marco del convenio que existe entre VA y este gimnasio; quien abord\u00f3 temas vinculados con alimentaci\u00f3n saludable, las causas de la ansiedad, h\u00e1bitos e higiene alimentaria, tips para consumir los productos adecuados; as\u00ed como tambi\u00e9n invit\u00f3 a cada un@ a trabajar en las emociones para controlar las ansias y evitar consumir productos innecesarios, entre otros temas.<\/p>\n<p style=\"text-align: justify;\">&#8220;Estamos muy atentos para contener a todo el equipo. Son tiempos de incertidumbre y debemos preocuparnos de su salud f\u00edsica y emocional, de modo de manejar de la mejor manera posible estos escenarios cr\u00edticos, teniendo siempre como primera prioridad a las personas&#8221;, sostuvo Lorena Cort\u00e9s, Gerente de Personas de VA.<\/p>\n","protected":false},"excerpt":{"rendered":"<p>Estos d\u00edas de confinamiento en casa, teletrabajo, y temperaturas bajas, invitan a muchas veces a tentarse, y comer alimentos que no son los adecuados para la salud de nuestro cuerpo. En eso pens\u00f3 el Comit\u00e9 Paritario de Valor Ambiental junto al equipo Directivo, y decidieron ofrecer a l@s profesionales, charlas sobre Nutrici\u00f3n y Alimentaci\u00f3n Saludable. [&hellip;]<\/p>\n","protected":false},"author":1,"featured_media":3144,"comment_status":"open","ping_status":"open","sticky":false,"template":"","format":"standard","meta":[],"categories":[3],"tags":[],"featured_image_src":{"landsacpe":["https:\/\/valorambiental.cl\/nueva\/wp-content\/uploads\/2020\/09\/chnutri.jpg",992,391,false],"list":["https:\/\/valorambiental.cl\/nueva\/wp-content\/uploads\/2020\/09\/chnutri-463x348.jpg",463,348,true],"medium":["https:\/\/valorambiental.cl\/nueva\/wp-content\/uploads\/2020\/09\/chnutri-300x118.jpg",300,118,true],"full":["https:\/\/valorambiental.cl\/nueva\/wp-content\/uploads\/2020\/09\/chnutri.jpg",992,391,false]},"_links":{"self":[{"href":"https:\/\/valorambiental.cl\/nueva\/wp-json\/wp\/v2\/posts\/3143"}],"collection":[{"href":"https:\/\/valorambiental.cl\/nueva\/wp-json\/wp\/v2\/posts"}],"about":[{"href":"https:\/\/valorambiental.cl\/nueva\/wp-json\/wp\/v2\/types\/post"}],"author":[{"embeddable":true,"href":"https:\/\/valorambiental.cl\/nueva\/wp-json\/wp\/v2\/users\/1"}],"replies":[{"embeddable":true,"href":"https:\/\/valorambiental.cl\/nueva\/wp-json\/wp\/v2\/comments?post=3143"}],"version-history":[{"count":1,"href":"https:\/\/valorambiental.cl\/nueva\/wp-json\/wp\/v2\/posts\/3143\/revisions"}],"predecessor-version":[{"id":3145,"href":"https:\/\/valorambiental.cl\/nueva\/wp-json\/wp\/v2\/posts\/3143\/revisions\/3145"}],"wp:featuredmedia":[{"embeddable":true,"href":"https:\/\/valorambiental.cl\/nueva\/wp-json\/wp\/v2\/media\/3144"}],"wp:attachment":[{"href":"https:\/\/valorambiental.cl\/nueva\/wp-json\/wp\/v2\/media?parent=3143"}],"wp:term":[{"taxonomy":"category","embeddable":true,"href":"https:\/\/valorambiental.cl\/nueva\/wp-json\/wp\/v2\/categories?post=3143"},{"taxonomy":"post_tag","embeddable":true,"href":"https:\/\/valorambiental.cl\/nueva\/wp-json\/wp\/v2\/tags?post=3143"}],"curies":[{"name":"wp","href":"https:\/\/api.w.org\/{rel}","templated":true}]}}