{"id":3135,"date":"2020-05-01T19:46:55","date_gmt":"2020-05-01T19:46:55","guid":{"rendered":"https:\/\/valorambiental.cl\/nueva\/?p=3135"},"modified":"2020-09-01T19:48:25","modified_gmt":"2020-09-01T19:48:25","slug":"equipo-de-valor-ambiental-recibe-un-especial-y-simbolico-saludo-en-el-dia-del-trabajador","status":"publish","type":"post","link":"https:\/\/valorambiental.cl\/nueva\/2020\/05\/01\/equipo-de-valor-ambiental-recibe-un-especial-y-simbolico-saludo-en-el-dia-del-trabajador\/","title":{"rendered":"Equipo de Valor Ambiental recibe un especial y simb\u00f3lico saludo en el D\u00eda del Trabajador"},"content":{"rendered":"<p style=\"text-align: justify;\"><b>Cada miembro del equipo recibi\u00f3 un obsequio junto con un mensaje cargado de agradecimiento y motivaci\u00f3n, para seguir enfrentando unidos estos tiempos complejos.<\/b><\/p>\n<p style=\"text-align: justify;\">El pasado jueves 30 de abril fue un d\u00eda especial y distinto a los anteriores a\u00f1os para el equipo de Valor Ambiental, puesto que su directora, Marcela Miranda, acompa\u00f1ada por Raquel Ledesma, visitaron a todos los integrantes que viven en La Serena y Coquimbo, con el fin de hacerles un reconocimiento por el D\u00eda del Trabajador, a trav\u00e9s de un colgante con un prisma y los colores del arco\u00edris.<\/p>\n<p style=\"text-align: justify;\">\u201cQuise hacer un gesto de agradecimiento a cada uno de los integrantes del equipo, por el esfuerzo y la disposici\u00f3n que han tenido para adaptarse a esta nueva situaci\u00f3n y seguir atendiendo, con el mismo profesionalismo, a nuestros clientes. Fue muy reconfortante poder verlos a tod@s y saber c\u00f3mo est\u00e1n sobrellevando esta pandemia, adem\u00e1s de mantener el v\u00ednculo y la uni\u00f3n de nuestro equipo, puesto que dado el modelo de empresa que hemos desarrollado, es muy importante para nosotros\u201d, explic\u00f3.<\/p>\n<p style=\"text-align: justify;\">Marcela coment\u00f3 que su prop\u00f3sito fue llevar un poco de luz a cada hogar. \u201cLa reflexi\u00f3n es que el mismo rayo de sol que traspase el prisma e ilumine nuestros hogares, nos mantendr\u00e1 unidos y conectados. La pandemia nos ense\u00f1a que tod@s somos igual de vulnerables ante esta situaci\u00f3n y el mismo sol nos protege e ilumina a tod@s por igual\u201d, sentenci\u00f3.<\/p>\n<p style=\"text-align: justify;\">\u201cFue muy motivante verlas llegar hasta mi casa a saludar y entregar un presente. M\u00e1s que un gesto, lo considero una valoraci\u00f3n por mi trabajo. Me siento orgullosa de pertenecer a una empresa que reconoce al recurso humano como principal capital\u201d, reflexion\u00f3 Carmen Olivares, integrante del equipo.<\/p>\n<p style=\"text-align: justify;\"><b>EMPRENDIMIENTO REGIONAL<\/b><br \/>\nEl prisma fue elaborado por las manos de una emprendedora regional buscando de esta forma apoyar a una productora local en tiempos de crisis econ\u00f3mica. Se trata de Ligia Armijo, de Atrapatuluz, cuyas creaciones son posibles de encontrar en el local 6 del Pueblito Pe\u00f1uelas, en Instagram @atrapatuluz y en el tel\u00e9fono +56944346443.<\/p>\n","protected":false},"excerpt":{"rendered":"<p>Cada miembro del equipo recibi\u00f3 un obsequio junto con un mensaje cargado de agradecimiento y motivaci\u00f3n, para seguir enfrentando unidos estos tiempos complejos. El pasado jueves 30 de abril fue un d\u00eda especial y distinto a los anteriores a\u00f1os para el equipo de Valor Ambiental, puesto que su directora, Marcela Miranda, acompa\u00f1ada por Raquel Ledesma, [&hellip;]<\/p>\n","protected":false},"author":1,"featured_media":3136,"comment_status":"open","ping_status":"open","sticky":false,"template":"","format":"standard","meta":[],"categories":[3],"tags":[],"featured_image_src":{"landsacpe":["https:\/\/valorambiental.cl\/nueva\/wp-content\/uploads\/2020\/09\/diatrabajador2020.jpg",700,272,false],"list":["https:\/\/valorambiental.cl\/nueva\/wp-content\/uploads\/2020\/09\/diatrabajador2020-463x272.jpg",463,272,true],"medium":["https:\/\/valorambiental.cl\/nueva\/wp-content\/uploads\/2020\/09\/diatrabajador2020-300x117.jpg",300,117,true],"full":["https:\/\/valorambiental.cl\/nueva\/wp-content\/uploads\/2020\/09\/diatrabajador2020.jpg",700,272,false]},"_links":{"self":[{"href":"https:\/\/valorambiental.cl\/nueva\/wp-json\/wp\/v2\/posts\/3135"}],"collection":[{"href":"https:\/\/valorambiental.cl\/nueva\/wp-json\/wp\/v2\/posts"}],"about":[{"href":"https:\/\/valorambiental.cl\/nueva\/wp-json\/wp\/v2\/types\/post"}],"author":[{"embeddable":true,"href":"https:\/\/valorambiental.cl\/nueva\/wp-json\/wp\/v2\/users\/1"}],"replies":[{"embeddable":true,"href":"https:\/\/valorambiental.cl\/nueva\/wp-json\/wp\/v2\/comments?post=3135"}],"version-history":[{"count":2,"href":"https:\/\/valorambiental.cl\/nueva\/wp-json\/wp\/v2\/posts\/3135\/revisions"}],"predecessor-version":[{"id":3141,"href":"https:\/\/valorambiental.cl\/nueva\/wp-json\/wp\/v2\/posts\/3135\/revisions\/3141"}],"wp:featuredmedia":[{"embeddable":true,"href":"https:\/\/valorambiental.cl\/nueva\/wp-json\/wp\/v2\/media\/3136"}],"wp:attachment":[{"href":"https:\/\/valorambiental.cl\/nueva\/wp-json\/wp\/v2\/media?parent=3135"}],"wp:term":[{"taxonomy":"category","embeddable":true,"href":"https:\/\/valorambiental.cl\/nueva\/wp-json\/wp\/v2\/categories?post=3135"},{"taxonomy":"post_tag","embeddable":true,"href":"https:\/\/valorambiental.cl\/nueva\/wp-json\/wp\/v2\/tags?post=3135"}],"curies":[{"name":"wp","href":"https:\/\/api.w.org\/{rel}","templated":true}]}}