{"id":3129,"date":"2020-03-01T19:36:47","date_gmt":"2020-03-01T19:36:47","guid":{"rendered":"https:\/\/valorambiental.cl\/nueva\/?p=3129"},"modified":"2020-09-01T19:39:39","modified_gmt":"2020-09-01T19:39:39","slug":"roberto-camargo-gerente-tecnico-de-valor-ambiental","status":"publish","type":"post","link":"https:\/\/valorambiental.cl\/nueva\/2020\/03\/01\/roberto-camargo-gerente-tecnico-de-valor-ambiental\/","title":{"rendered":"Roberto Camargo, Gerente T\u00e9cnico de Valor Ambiental \u00ae:"},"content":{"rendered":"<p style=\"text-align: justify;\"><b>&#8220;Debemos seguir creciendo de manera planificada y org\u00e1nica&#8221;<\/b><br \/>\nEste a\u00f1o, Valor Ambiental \u00ae celebrar\u00e1 su cumplea\u00f1os n\u00famero diez, al servicio de las empresas del centro-norte de Chile, ofreciendo soluciones efectivas a sus necesidades respecto de servicios de asesor\u00eda ambiental y de permisos.<br \/>\nAs\u00ed entonces, es tiempo de revisar los procesos y definir una carta de navegaci\u00f3n para la pr\u00f3xima d\u00e9cada. En eso est\u00e1 el equipo por estos d\u00edas, y uno de los l\u00edderes de este proceso es Roberto Camargo, gerente t\u00e9cnico de la empresa.<br \/>\n&#8220;Estamos en una etapa de madurez como consultora, lo que nos obliga a analizar los procesos a mediano y largo plazo. Entonces es momento de redefinir los \u00e9nfasis y estrategias&#8221;.<\/p>\n<p style=\"text-align: justify;\"><b>\u00bfQu\u00e9 conceptos son fundamentales para enfrentar este nuevo periodo?<\/b><br \/>\nLa calidad y la seguridad son conceptos intr\u00ednsecos en nuestra gesti\u00f3n, porque adem\u00e1s nuestros mandantes as\u00ed lo exigen. Pero desde el punto de vista de la competitividad y el crecimiento, tenemos que proponer formas distintas de ofrecer nuestros productos y eso lo logramos con el talento de las personas, que son nuestro principal capital.<br \/>\nPero tenemos que hacerlo de manera planificada y org\u00e1nica. Estamos trabajando en una planificaci\u00f3n a mediano plazo, a cinco a\u00f1os, con l\u00edneas estrat\u00e9gicas y de acciones concretas en ese periodo, que incorporan tambi\u00e9n la innovaci\u00f3n, la responsabilidad social y el trabajo colaborativo.<\/p>\n<p style=\"text-align: justify;\"><b>\u00bfC\u00f3mo Valor Ambiental \u00ae continuar\u00e1 desenvolvi\u00e9ndose en una industria tan din\u00e1mica y competitiva como es la miner\u00eda?<\/b><br \/>\nSomos una consultora que entrega servicios y productos de alta calidad a desaf\u00edos complejos en el tema ambiental. Somos una empresa que da respaldo t\u00e9cnico especializado a las acciones que ejecutan nuestros clientes, y en ese sentido tenemos que ser muy proactivos y anticiparnos a sus necesidades. En esto es clave una planificaci\u00f3n efectiva.<\/p>\n<p style=\"text-align: justify;\"><b>\u00bfC\u00f3mo se incorpora en esta planificaci\u00f3n el concepto de innovaci\u00f3n?<\/b><br \/>\nEl concepto innovaci\u00f3n generalmente se asocia a la tecnolog\u00eda, pero tambi\u00e9n tiene que ver con la gesti\u00f3n, es decir, c\u00f3mo generamos mecanismos de trabajo que permitan vincularnos de manera sostenida y eficiente para el cliente, es decir, esto no se trata \u00fanicamente de prestar un servicio, sino que, de acompa\u00f1ar un proceso hasta alcanzar los objetivos, y ah\u00ed estamos innovando. Adem\u00e1s, contamos con herramientas especialmente de la tecnolog\u00eda de informaci\u00f3n que incorporamos en nuestros servicios.<\/p>\n<p style=\"text-align: justify;\"><b>Otra de las prioridades tiene que ver con el trabajo colaborativo, \u00bfc\u00f3mo se vincula Valor Ambiental \u00ae con el ecosistema empresarial?<\/b><br \/>\nAsumimos que hay asuntos espec\u00edficos que no son de nuestra competencia directa, entonces los trabajamos junto con empresas colaboradoras. Por ejemplo, estamos asociados con una empresa experta en Hidrogeolog\u00eda, por otro lado con abogados expertos en regulaci\u00f3n medioambiental, estamos participando en licitaciones en conjunto con otras empresas en medici\u00f3n de ruidos, arqueolog\u00eda, flora y fauna por nombrar algunas. Ahora bien, el trabajo colaborativo tambi\u00e9n tiene que ver con nuestros clientes, y debemos ser capaces de detectar adecuadamente sus necesidades y dar una soluci\u00f3n ajustada a sus requerimientos espec\u00edficos. Lo anterior, considerando siempre est\u00e1ndares de calidad, lo cual garantizamos a trav\u00e9s de mecanismos de control certificados.<\/p>\n<p style=\"text-align: justify;\"><b>\u00bfC\u00f3mo se proyecta la imagen de Valor Ambiental \u00ae , de ac\u00e1 a 10 a\u00f1os, frente a sus clientes o potenciales clientes?<\/b><br \/>\nEste proceso de planificaci\u00f3n que estamos desarrollando involucra la revisi\u00f3n de nuestra identidad corporativa, como la misi\u00f3n, visi\u00f3n y nuestros principios organizacionales en una mirada de presente pero tambi\u00e9n de futuro. Nuestra principal fortaleza es ser coherentes y cre\u00edbles con el discurso de acompa\u00f1ar los procesos de gesti\u00f3n de nuestros clientes, dando respuesta y soluciones efectivas, pero tambi\u00e9n siendo cuidadosos con los elementos del entorno, proyect\u00e1ndonos como una empresa innovadora, flexible; respetuosa del ambiente y de las personas.<\/p>\n","protected":false},"excerpt":{"rendered":"<p>&#8220;Debemos seguir creciendo de manera planificada y org\u00e1nica&#8221; Este a\u00f1o, Valor Ambiental \u00ae celebrar\u00e1 su cumplea\u00f1os n\u00famero diez, al servicio de las empresas del centro-norte de Chile, ofreciendo soluciones efectivas a sus necesidades respecto de servicios de asesor\u00eda ambiental y de permisos. As\u00ed entonces, es tiempo de revisar los procesos y definir una carta de [&hellip;]<\/p>\n","protected":false},"author":1,"featured_media":3130,"comment_status":"open","ping_status":"open","sticky":false,"template":"","format":"standard","meta":[],"categories":[3],"tags":[],"featured_image_src":{"landsacpe":["https:\/\/valorambiental.cl\/nueva\/wp-content\/uploads\/2020\/09\/entrevistaRCamargoPE2020-773x445.jpg",773,445,true],"list":["https:\/\/valorambiental.cl\/nueva\/wp-content\/uploads\/2020\/09\/entrevistaRCamargoPE2020-463x348.jpg",463,348,true],"medium":["https:\/\/valorambiental.cl\/nueva\/wp-content\/uploads\/2020\/09\/entrevistaRCamargoPE2020-300x207.jpg",300,207,true],"full":["https:\/\/valorambiental.cl\/nueva\/wp-content\/uploads\/2020\/09\/entrevistaRCamargoPE2020.jpg",773,534,false]},"_links":{"self":[{"href":"https:\/\/valorambiental.cl\/nueva\/wp-json\/wp\/v2\/posts\/3129"}],"collection":[{"href":"https:\/\/valorambiental.cl\/nueva\/wp-json\/wp\/v2\/posts"}],"about":[{"href":"https:\/\/valorambiental.cl\/nueva\/wp-json\/wp\/v2\/types\/post"}],"author":[{"embeddable":true,"href":"https:\/\/valorambiental.cl\/nueva\/wp-json\/wp\/v2\/users\/1"}],"replies":[{"embeddable":true,"href":"https:\/\/valorambiental.cl\/nueva\/wp-json\/wp\/v2\/comments?post=3129"}],"version-history":[{"count":1,"href":"https:\/\/valorambiental.cl\/nueva\/wp-json\/wp\/v2\/posts\/3129\/revisions"}],"predecessor-version":[{"id":3131,"href":"https:\/\/valorambiental.cl\/nueva\/wp-json\/wp\/v2\/posts\/3129\/revisions\/3131"}],"wp:featuredmedia":[{"embeddable":true,"href":"https:\/\/valorambiental.cl\/nueva\/wp-json\/wp\/v2\/media\/3130"}],"wp:attachment":[{"href":"https:\/\/valorambiental.cl\/nueva\/wp-json\/wp\/v2\/media?parent=3129"}],"wp:term":[{"taxonomy":"category","embeddable":true,"href":"https:\/\/valorambiental.cl\/nueva\/wp-json\/wp\/v2\/categories?post=3129"},{"taxonomy":"post_tag","embeddable":true,"href":"https:\/\/valorambiental.cl\/nueva\/wp-json\/wp\/v2\/tags?post=3129"}],"curies":[{"name":"wp","href":"https:\/\/api.w.org\/{rel}","templated":true}]}}