{"id":3126,"date":"2020-03-01T19:33:39","date_gmt":"2020-03-01T19:33:39","guid":{"rendered":"https:\/\/valorambiental.cl\/nueva\/?p=3126"},"modified":"2020-09-01T19:36:25","modified_gmt":"2020-09-01T19:36:25","slug":"con-una-jornada-de-reflexion-sobre-la-equidad-de-genero-equipo-de-valor-ambiental-conmemoro-el-dia-de-la-mujer","status":"publish","type":"post","link":"https:\/\/valorambiental.cl\/nueva\/2020\/03\/01\/con-una-jornada-de-reflexion-sobre-la-equidad-de-genero-equipo-de-valor-ambiental-conmemoro-el-dia-de-la-mujer\/","title":{"rendered":"Con una jornada de reflexi\u00f3n sobre la equidad de g\u00e9nero equipo de Valor Ambiental \u00ae conmemor\u00f3 el D\u00eda de la Mujer"},"content":{"rendered":"<p style=\"text-align: justify;\">Al interior del equipo de Valor Ambiental \u00ae ya es una tradici\u00f3n conmemorar el D\u00eda de la Mujer con una jornada de reflexi\u00f3n sobre la equidad de g\u00e9nero. De esta manera, al comenzar la jornada el lunes 9 de marzo, tanto hombres como mujeres se reunieron a analizar las expresiones de inequidad que a\u00fan existen en el entorno, y conductas cotidianas que pueden ser representativas de aquello.<\/p>\n<p style=\"text-align: justify;\"><em>&#8220;Nosotros estamos muy acostumbrados a que todos los temas los abordemos desde la transversalidad. Por eso, la invitaci\u00f3n es a no pensar que la discriminaci\u00f3n no ocurre porque no la vemos o vivimos en nuestro trabajo; y a ser capaces de denunciarla cuando se manifiesta a trav\u00e9s de la violencia o apoyando a personas que viven en condiciones de mayor vulnerabilidad. As\u00ed tambi\u00e9n reflexionamos sobre el uso del lenguaje, y c\u00f3mo \u00e9ste construye realidad<\/em>&#8220;, indic\u00f3\u00a0<strong>Marcela Miranda, Directora Ejecutiva de Valor Ambiental \u00ae.<\/strong><\/p>\n<p style=\"text-align: justify;\">A lo largo de sus diez a\u00f1os de existencia, Valor Ambiental \u00ae ha cultivado como parte de su identidad corporativa la equidad de g\u00e9nero. Desde sus inicios, la empresa ha sido rigurosa en la contrataci\u00f3n del mismo n\u00famero de hombres y mujeres, as\u00ed como en la igualdad salarial para ambos sexos en el mismo cargo.<\/p>\n","protected":false},"excerpt":{"rendered":"<p>Al interior del equipo de Valor Ambiental \u00ae ya es una tradici\u00f3n conmemorar el D\u00eda de la Mujer con una jornada de reflexi\u00f3n sobre la equidad de g\u00e9nero. De esta manera, al comenzar la jornada el lunes 9 de marzo, tanto hombres como mujeres se reunieron a analizar las expresiones de inequidad que a\u00fan existen [&hellip;]<\/p>\n","protected":false},"author":1,"featured_media":3127,"comment_status":"open","ping_status":"open","sticky":false,"template":"","format":"standard","meta":[],"categories":[3],"tags":[],"featured_image_src":{"landsacpe":["https:\/\/valorambiental.cl\/nueva\/wp-content\/uploads\/2020\/09\/NotaEqui2020-773x445.jpg",773,445,true],"list":["https:\/\/valorambiental.cl\/nueva\/wp-content\/uploads\/2020\/09\/NotaEqui2020-463x348.jpg",463,348,true],"medium":["https:\/\/valorambiental.cl\/nueva\/wp-content\/uploads\/2020\/09\/NotaEqui2020-300x207.jpg",300,207,true],"full":["https:\/\/valorambiental.cl\/nueva\/wp-content\/uploads\/2020\/09\/NotaEqui2020.jpg",773,534,false]},"_links":{"self":[{"href":"https:\/\/valorambiental.cl\/nueva\/wp-json\/wp\/v2\/posts\/3126"}],"collection":[{"href":"https:\/\/valorambiental.cl\/nueva\/wp-json\/wp\/v2\/posts"}],"about":[{"href":"https:\/\/valorambiental.cl\/nueva\/wp-json\/wp\/v2\/types\/post"}],"author":[{"embeddable":true,"href":"https:\/\/valorambiental.cl\/nueva\/wp-json\/wp\/v2\/users\/1"}],"replies":[{"embeddable":true,"href":"https:\/\/valorambiental.cl\/nueva\/wp-json\/wp\/v2\/comments?post=3126"}],"version-history":[{"count":1,"href":"https:\/\/valorambiental.cl\/nueva\/wp-json\/wp\/v2\/posts\/3126\/revisions"}],"predecessor-version":[{"id":3128,"href":"https:\/\/valorambiental.cl\/nueva\/wp-json\/wp\/v2\/posts\/3126\/revisions\/3128"}],"wp:featuredmedia":[{"embeddable":true,"href":"https:\/\/valorambiental.cl\/nueva\/wp-json\/wp\/v2\/media\/3127"}],"wp:attachment":[{"href":"https:\/\/valorambiental.cl\/nueva\/wp-json\/wp\/v2\/media?parent=3126"}],"wp:term":[{"taxonomy":"category","embeddable":true,"href":"https:\/\/valorambiental.cl\/nueva\/wp-json\/wp\/v2\/categories?post=3126"},{"taxonomy":"post_tag","embeddable":true,"href":"https:\/\/valorambiental.cl\/nueva\/wp-json\/wp\/v2\/tags?post=3126"}],"curies":[{"name":"wp","href":"https:\/\/api.w.org\/{rel}","templated":true}]}}