{"id":3122,"date":"2020-03-01T19:20:30","date_gmt":"2020-03-01T19:20:30","guid":{"rendered":"https:\/\/valorambiental.cl\/nueva\/?p=3122"},"modified":"2020-09-01T19:28:36","modified_gmt":"2020-09-01T19:28:36","slug":"equipo-de-valor-ambiental-recicla-equipos-electronicos-en-vias-de-certificarse-como-empresa-b","status":"publish","type":"post","link":"https:\/\/valorambiental.cl\/nueva\/2020\/03\/01\/equipo-de-valor-ambiental-recicla-equipos-electronicos-en-vias-de-certificarse-como-empresa-b\/","title":{"rendered":"Equipo de Valor Ambiental \u00ae recicla equipos electr\u00f3nicos en v\u00edas de certificarse como empresa B"},"content":{"rendered":"<p class=\"lead\" style=\"text-align: justify;\"><b>Una de las principales caracter\u00edsticas de Valor Ambiental \u00ae es el compromiso que posee su equipo respecto del cuidado medio ambiental. Desarrolla una serie de acciones que van en la l\u00ednea de la sustentabilidad. Ejemplo de ello son el retiro de los residuos para reciclaje por parte Reciclando Chile y residuos para compostaje por Chispa. Tambi\u00e9n la huerta org\u00e1nica instalada en el acceso de sus instalaciones.<\/b><\/p>\n<p class=\"lead\" style=\"text-align: justify;\">En consecuencia con esta filosof\u00eda, es que reunieron todos los residuos electr\u00f3nicos que se generaron durante cinco a\u00f1os y se entregaron a la empresa regional Siram, que realiza reciclaje de este tipo de equipos.<\/p>\n<p style=\"text-align: justify;\">&#8220;Ahora ellos nos entregar\u00e1n un certificado de destinatario final, lo que nos produce bastante orgullo, puesto que estamos trabajando en v\u00edas de certificarnos como empresa B. Sabemos que estos equipos contienen materiales peligrosos por lo tanto, debemos ser cuidadosos y responsables con el medio ambiente. Adem\u00e1s, estamos cumpliendo con lo que exige la Ley REP&#8221;, indic\u00f3 Marcelo Mena, Inform\u00e1tico de Valor Ambiental \u00ae.<\/p>\n<p style=\"text-align: justify;\">Entre los art\u00edculos que se dispusieron para reciclaje, se consideran teclados, cables, mouses, pantallas, pcs, notebooks, cargadores, impresoras, toners y cartuchos de tinta.<\/p>\n<p><img loading=\"lazy\" class=\"size-full wp-image-3123 aligncenter\" src=\"https:\/\/valorambiental.cl\/nueva\/wp-content\/uploads\/2020\/09\/ProveeRecicla.jpg\" alt=\"\" width=\"250\" height=\"199\" \/><\/p>\n","protected":false},"excerpt":{"rendered":"<p>Una de las principales caracter\u00edsticas de Valor Ambiental \u00ae es el compromiso que posee su equipo respecto del cuidado medio ambiental. Desarrolla una serie de acciones que van en la l\u00ednea de la sustentabilidad. Ejemplo de ello son el retiro de los residuos para reciclaje por parte Reciclando Chile y residuos para compostaje por Chispa. [&hellip;]<\/p>\n","protected":false},"author":1,"featured_media":3124,"comment_status":"open","ping_status":"open","sticky":false,"template":"","format":"standard","meta":[],"categories":[3],"tags":[],"featured_image_src":{"landsacpe":["https:\/\/valorambiental.cl\/nueva\/wp-content\/uploads\/2020\/09\/reciclae_va-773x445.jpg",773,445,true],"list":["https:\/\/valorambiental.cl\/nueva\/wp-content\/uploads\/2020\/09\/reciclae_va-463x348.jpg",463,348,true],"medium":["https:\/\/valorambiental.cl\/nueva\/wp-content\/uploads\/2020\/09\/reciclae_va-300x207.jpg",300,207,true],"full":["https:\/\/valorambiental.cl\/nueva\/wp-content\/uploads\/2020\/09\/reciclae_va.jpg",773,534,false]},"_links":{"self":[{"href":"https:\/\/valorambiental.cl\/nueva\/wp-json\/wp\/v2\/posts\/3122"}],"collection":[{"href":"https:\/\/valorambiental.cl\/nueva\/wp-json\/wp\/v2\/posts"}],"about":[{"href":"https:\/\/valorambiental.cl\/nueva\/wp-json\/wp\/v2\/types\/post"}],"author":[{"embeddable":true,"href":"https:\/\/valorambiental.cl\/nueva\/wp-json\/wp\/v2\/users\/1"}],"replies":[{"embeddable":true,"href":"https:\/\/valorambiental.cl\/nueva\/wp-json\/wp\/v2\/comments?post=3122"}],"version-history":[{"count":1,"href":"https:\/\/valorambiental.cl\/nueva\/wp-json\/wp\/v2\/posts\/3122\/revisions"}],"predecessor-version":[{"id":3125,"href":"https:\/\/valorambiental.cl\/nueva\/wp-json\/wp\/v2\/posts\/3122\/revisions\/3125"}],"wp:featuredmedia":[{"embeddable":true,"href":"https:\/\/valorambiental.cl\/nueva\/wp-json\/wp\/v2\/media\/3124"}],"wp:attachment":[{"href":"https:\/\/valorambiental.cl\/nueva\/wp-json\/wp\/v2\/media?parent=3122"}],"wp:term":[{"taxonomy":"category","embeddable":true,"href":"https:\/\/valorambiental.cl\/nueva\/wp-json\/wp\/v2\/categories?post=3122"},{"taxonomy":"post_tag","embeddable":true,"href":"https:\/\/valorambiental.cl\/nueva\/wp-json\/wp\/v2\/tags?post=3122"}],"curies":[{"name":"wp","href":"https:\/\/api.w.org\/{rel}","templated":true}]}}