{"id":3119,"date":"2020-03-01T19:11:19","date_gmt":"2020-03-01T19:11:19","guid":{"rendered":"https:\/\/valorambiental.cl\/nueva\/?p=3119"},"modified":"2020-09-01T19:17:08","modified_gmt":"2020-09-01T19:17:08","slug":"los-logros-alcanzados-durante-el-2019-por-valor-ambiental-y-los-desafios-para-este-nuevo-ano","status":"publish","type":"post","link":"https:\/\/valorambiental.cl\/nueva\/2020\/03\/01\/los-logros-alcanzados-durante-el-2019-por-valor-ambiental-y-los-desafios-para-este-nuevo-ano\/","title":{"rendered":"Los logros alcanzados durante el 2019 por Valor Ambiental \u00ae y los desaf\u00edos para este nuevo a\u00f1o"},"content":{"rendered":"<p class=\"lead\" style=\"text-align: justify;\"><b>El 2019 fue un a\u00f1o de importantes logros para Valor Ambiental \u00ae, los que apuntaron a consolidar a la empresa, que cumple diez a\u00f1os de trayectoria, adem\u00e1s de reafirmar el compromiso de dar una respuesta r\u00e1pida y eficiente a la creciente demanda de servicios de gesti\u00f3n ambiental de las empresas de la zona norte de Chile.<\/b><\/p>\n<p class=\"lead\" style=\"text-align: justify;\">Este a\u00f1o seguiremos trabajando y concentrando nuestros esfuerzos en los pilares estrat\u00e9gicos de nuestra empresa;\u00a0<strong>las personas, la calidad; la seguridad; la innovaci\u00f3n; el trabajo colaborativo y la responsabilidad social empresarial<\/strong>, esta \u00faltima se concreta a trav\u00e9s de nuestra Fundaci\u00f3n Alter Eco.<\/p>\n<p style=\"text-align: justify;\">Gracias a estos nuevos lineamientos y al intenso trabajo del equipo, durante el 2019 se logr\u00f3 tramitar\u00a0<strong>219<\/strong>\u00a0permisos de los m\u00e1s diverso tipos y complejidades, presentados en 13 comunas de 4 regiones del pa\u00eds.<\/p>\n<p style=\"text-align: justify;\">Otro aspecto relevante de destaca durante la gesti\u00f3n 2019, fue el compromiso con la seguridad\u00a0<em>\u201cTuvimos cero accidente y nuestro Comit\u00e9 Paritario de Higiene y Seguridad obtuvo certificaci\u00f3n oro por parte de la Mutual de Seguridad\u201d<\/em>, destac\u00f3 Fabi\u00e1n Gysling, Prevencionista de Riesgos de Valor Ambiental \u00ae.<\/p>\n<p style=\"text-align: justify;\">Marcela Miranda, Directora Ejecutiva de Valor Ambiental \u00ae, sostiene que\u00a0<em>estos logros radican en la creaci\u00f3n de una nueva estructura organizacional, donde se potenciaron los cargos de gerencia de gesti\u00f3n de personas y la gerencia t\u00e9cnica; la implementaci\u00f3n del programa Instala Innovaci\u00f3n de CORFO; el crecimiento la cartera de proyectos incidi\u00f3 en el incremento de un 41% del equipo t\u00e9cnico y la inclusi\u00f3n en la miner\u00eda de litio.<\/em><\/p>\n<p style=\"text-align: justify;\"><em>\u201cAgradecemos la confianza depositada por nuestros clientes. Seguiremos comprometidos con los desaf\u00edos que ellos enfrentan, entregando nuestra experiencia para apoyarlos en el cumplimiento de sus obligaciones medioambientales con el objetivo de impulsar un desarrollo productivo sustentable. Esta es la convicci\u00f3n e inspiraci\u00f3n que gu\u00eda el quehacer de Valor Ambiental \u00ae\u201d<\/em>, finaliz\u00f3 Marcela Miranda.<\/p>\n","protected":false},"excerpt":{"rendered":"<p>El 2019 fue un a\u00f1o de importantes logros para Valor Ambiental \u00ae, los que apuntaron a consolidar a la empresa, que cumple diez a\u00f1os de trayectoria, adem\u00e1s de reafirmar el compromiso de dar una respuesta r\u00e1pida y eficiente a la creciente demanda de servicios de gesti\u00f3n ambiental de las empresas de la zona norte de [&hellip;]<\/p>\n","protected":false},"author":1,"featured_media":3120,"comment_status":"open","ping_status":"open","sticky":false,"template":"","format":"standard","meta":[],"categories":[3],"tags":[],"featured_image_src":{"landsacpe":["https:\/\/valorambiental.cl\/nueva\/wp-content\/uploads\/2020\/09\/metas2020-676x445.jpg",676,445,true],"list":["https:\/\/valorambiental.cl\/nueva\/wp-content\/uploads\/2020\/09\/metas2020-463x348.jpg",463,348,true],"medium":["https:\/\/valorambiental.cl\/nueva\/wp-content\/uploads\/2020\/09\/metas2020-300x207.jpg",300,207,true],"full":["https:\/\/valorambiental.cl\/nueva\/wp-content\/uploads\/2020\/09\/metas2020.jpg",676,467,false]},"_links":{"self":[{"href":"https:\/\/valorambiental.cl\/nueva\/wp-json\/wp\/v2\/posts\/3119"}],"collection":[{"href":"https:\/\/valorambiental.cl\/nueva\/wp-json\/wp\/v2\/posts"}],"about":[{"href":"https:\/\/valorambiental.cl\/nueva\/wp-json\/wp\/v2\/types\/post"}],"author":[{"embeddable":true,"href":"https:\/\/valorambiental.cl\/nueva\/wp-json\/wp\/v2\/users\/1"}],"replies":[{"embeddable":true,"href":"https:\/\/valorambiental.cl\/nueva\/wp-json\/wp\/v2\/comments?post=3119"}],"version-history":[{"count":1,"href":"https:\/\/valorambiental.cl\/nueva\/wp-json\/wp\/v2\/posts\/3119\/revisions"}],"predecessor-version":[{"id":3121,"href":"https:\/\/valorambiental.cl\/nueva\/wp-json\/wp\/v2\/posts\/3119\/revisions\/3121"}],"wp:featuredmedia":[{"embeddable":true,"href":"https:\/\/valorambiental.cl\/nueva\/wp-json\/wp\/v2\/media\/3120"}],"wp:attachment":[{"href":"https:\/\/valorambiental.cl\/nueva\/wp-json\/wp\/v2\/media?parent=3119"}],"wp:term":[{"taxonomy":"category","embeddable":true,"href":"https:\/\/valorambiental.cl\/nueva\/wp-json\/wp\/v2\/categories?post=3119"},{"taxonomy":"post_tag","embeddable":true,"href":"https:\/\/valorambiental.cl\/nueva\/wp-json\/wp\/v2\/tags?post=3119"}],"curies":[{"name":"wp","href":"https:\/\/api.w.org\/{rel}","templated":true}]}}