{"id":3115,"date":"2019-10-01T19:05:41","date_gmt":"2019-10-01T19:05:41","guid":{"rendered":"https:\/\/valorambiental.cl\/nueva\/?p=3115"},"modified":"2020-09-01T19:10:33","modified_gmt":"2020-09-01T19:10:33","slug":"especialista-en-innovacion-realizo-taller-para-el-equipo-de-valor-ambiental","status":"publish","type":"post","link":"https:\/\/valorambiental.cl\/nueva\/2019\/10\/01\/especialista-en-innovacion-realizo-taller-para-el-equipo-de-valor-ambiental\/","title":{"rendered":"Especialista en innovaci\u00f3n realiz\u00f3 taller para el equipo de Valor Ambiental \u00ae"},"content":{"rendered":"<p class=\"lead\" style=\"text-align: justify;\"><b>La actividad se desarrolla en el marco del proyecto \u201cInstala Innovaci\u00f3n para Valor Ambiental \u00ae\u201d, iniciativa financiada por CORFO.<\/b><\/p>\n<p class=\"lead\" style=\"text-align: left;\">\u00bfQu\u00e9 entendemos por innovaci\u00f3n y c\u00f3mo se puede implementar? Estas fueron parte de las interrogantes a las que dio respuesta Arturo Herrera, socio y gerente general de Innspiral, consultora dedicada a la implementaci\u00f3n de la innovaci\u00f3n en empresas.<\/p>\n<p style=\"text-align: justify;\">De acuerdo a las palabras del especialista, el prop\u00f3sito de la charla fue \u201cdestacar la importancia de la innovaci\u00f3n en el desarrollo de los pa\u00edses, el impacto del avance tecnol\u00f3gico exponencial en nuestras vidas y c\u00f3mo empresas de cualquier tama\u00f1o y cualquier industria pueden efectivamente gestionar la innovaci\u00f3n en sus organizaciones\u201d.<\/p>\n<p style=\"text-align: justify;\">Asimismo, recalc\u00f3 que el primer paso para introducir la innovaci\u00f3n en la empresa es que los directivos sean conscientes de la necesidad de implantar una cultura de la innovaci\u00f3n. \u201cSe debe partir por el convencimiento de los l\u00edderes de la organizaci\u00f3n. Lo bueno es que en Valor Ambiental \u00ae saben que el crecimiento de la empresa va a surgir precisamente de sus iniciativas en materia de innovaci\u00f3n\u201d.<\/p>\n<p style=\"text-align: justify;\">Lorena Cort\u00e9s, gerente de Recursos Humanos de Valor Ambiental \u00ae, indica que \u201cuna de las cosas que m\u00e1s me llam\u00f3 la atenci\u00f3n de la charla fue el llamado que nos hizo a reaccionar para abrirnos a nuevos campos ya que tenemos que saber leer lo que pasa en el mercado para responder a las actuales tendencias. En Valor Ambiental \u00ae ya est\u00e1 la motivaci\u00f3n por innovar, pero actividades como esta, le dan un sustento para seguir avanzando en esta direcci\u00f3n con una mayor base te\u00f3rica\u201d.<\/p>\n<p style=\"text-align: justify;\">Paulo Ubillo, arquitecto de Valor Ambiental \u00ae destac\u00f3 que el expositor \u201cfue muy did\u00e1ctico y explic\u00f3 que innovar no s\u00f3lo se trata de inventar cosas nuevas, tambi\u00e9n se enfoca en mejorar los actuales productos o servicios para que sean m\u00e1s eficientes\u201d.<\/p>\n<p style=\"text-align: justify;\"><b>Sobre el expositor<\/b>\u00a0Arturo Herrera es socio y gerente general de la consultora Innspiral. Ingeniero Civil Industrial de la Universidad T\u00e9cnica Federico Santa Mar\u00eda con maestr\u00eda en ciencias del Comportamiento del Consumidor en la Universidad Adolfo Ib\u00e1\u00f1ez. Posee un diplomado en Emprendimiento y Competitividad, en Columbia Business School.<\/p>\n","protected":false},"excerpt":{"rendered":"<p>La actividad se desarrolla en el marco del proyecto \u201cInstala Innovaci\u00f3n para Valor Ambiental \u00ae\u201d, iniciativa financiada por CORFO. \u00bfQu\u00e9 entendemos por innovaci\u00f3n y c\u00f3mo se puede implementar? Estas fueron parte de las interrogantes a las que dio respuesta Arturo Herrera, socio y gerente general de Innspiral, consultora dedicada a la implementaci\u00f3n de la innovaci\u00f3n [&hellip;]<\/p>\n","protected":false},"author":1,"featured_media":3117,"comment_status":"open","ping_status":"open","sticky":false,"template":"","format":"standard","meta":[],"categories":[3],"tags":[],"featured_image_src":{"landsacpe":["https:\/\/valorambiental.cl\/nueva\/wp-content\/uploads\/2020\/09\/taller_inst_innov_01.jpg",347,240,false],"list":["https:\/\/valorambiental.cl\/nueva\/wp-content\/uploads\/2020\/09\/taller_inst_innov_01.jpg",347,240,false],"medium":["https:\/\/valorambiental.cl\/nueva\/wp-content\/uploads\/2020\/09\/taller_inst_innov_01-300x207.jpg",300,207,true],"full":["https:\/\/valorambiental.cl\/nueva\/wp-content\/uploads\/2020\/09\/taller_inst_innov_01.jpg",347,240,false]},"_links":{"self":[{"href":"https:\/\/valorambiental.cl\/nueva\/wp-json\/wp\/v2\/posts\/3115"}],"collection":[{"href":"https:\/\/valorambiental.cl\/nueva\/wp-json\/wp\/v2\/posts"}],"about":[{"href":"https:\/\/valorambiental.cl\/nueva\/wp-json\/wp\/v2\/types\/post"}],"author":[{"embeddable":true,"href":"https:\/\/valorambiental.cl\/nueva\/wp-json\/wp\/v2\/users\/1"}],"replies":[{"embeddable":true,"href":"https:\/\/valorambiental.cl\/nueva\/wp-json\/wp\/v2\/comments?post=3115"}],"version-history":[{"count":1,"href":"https:\/\/valorambiental.cl\/nueva\/wp-json\/wp\/v2\/posts\/3115\/revisions"}],"predecessor-version":[{"id":3118,"href":"https:\/\/valorambiental.cl\/nueva\/wp-json\/wp\/v2\/posts\/3115\/revisions\/3118"}],"wp:featuredmedia":[{"embeddable":true,"href":"https:\/\/valorambiental.cl\/nueva\/wp-json\/wp\/v2\/media\/3117"}],"wp:attachment":[{"href":"https:\/\/valorambiental.cl\/nueva\/wp-json\/wp\/v2\/media?parent=3115"}],"wp:term":[{"taxonomy":"category","embeddable":true,"href":"https:\/\/valorambiental.cl\/nueva\/wp-json\/wp\/v2\/categories?post=3115"},{"taxonomy":"post_tag","embeddable":true,"href":"https:\/\/valorambiental.cl\/nueva\/wp-json\/wp\/v2\/tags?post=3115"}],"curies":[{"name":"wp","href":"https:\/\/api.w.org\/{rel}","templated":true}]}}