{"id":3106,"date":"2019-10-12T19:02:40","date_gmt":"2019-10-12T19:02:40","guid":{"rendered":"https:\/\/valorambiental.cl\/nueva\/?p=3106"},"modified":"2020-09-01T19:05:19","modified_gmt":"2020-09-01T19:05:19","slug":"nuestra-empresa-valor-ambiental-cumple-9-anos-y-asume-desafio-de-triple-impacto","status":"publish","type":"post","link":"https:\/\/valorambiental.cl\/nueva\/2019\/10\/12\/nuestra-empresa-valor-ambiental-cumple-9-anos-y-asume-desafio-de-triple-impacto\/","title":{"rendered":"Nuestra empresa Valor Ambiental \u00ae cumple 9 a\u00f1os y asume desaf\u00edo de triple impacto"},"content":{"rendered":"<p class=\"lead\" style=\"text-align: justify;\"><b>Con un balance positivo y nuevos prop\u00f3sitos, se vivi\u00f3 la celebraci\u00f3n en Valor Ambiental \u00ae. En el marco del aniversario, se desarroll\u00f3 el balance anual de nuestra empresa y diversas actividades recreativas.<\/b><\/p>\n<p class=\"lead\" style=\"text-align: justify;\">Con la convicci\u00f3n de que el desempe\u00f1o de una empresa puede impactar positivamente en la econom\u00eda, sociedad y medioambiente, se celebr\u00f3 un nuevo aniversario de Valor Ambiental \u00ae. As\u00ed lo expres\u00f3\u00a0<b>Marcela Miranda<\/b>, directora ejecutiva de nuestra empresa consultora, durante el ya tradicional balance anual de Valor Ambiental \u00ae que tiene por objetivo dar a conocer los avances alcanzados y desaf\u00edos que se deben emprender en conjunto.<\/p>\n<p style=\"text-align: justify;\">\u201cDentro de las noticias positivas, est\u00e1 el hecho de que el equipo ha crecido, tenemos nuevos clientes y adem\u00e1s nos adjudicamos un fondo de innovaci\u00f3n, que nos permitir\u00e1 mejorar nuestro servicio. Este es un buen momento para plantearnos como desaf\u00edo, convertirnos en una empresa de triple impacto, que rentabilice en lo econ\u00f3mico, pero tambi\u00e9n, en el \u00e1mbito social y ambiental\u201d, plante\u00f3 la directora ejecutiva.<\/p>\n<p style=\"text-align: justify;\"><b>Reconocimientos<\/b><br \/>\nLa instancia fue propicia tambi\u00e9n para reconocer el compromiso de\u00a0<b>Paola O\u00f1ate, gerente de administraci\u00f3n y finanzas de Valor Ambiental \u00ae<\/b>, cuya labor ha permitido brindar el soporte administrativo desde los inicios de nuestra consultora, siempre de manera confiable y certera.<\/p>\n<p style=\"text-align: justify;\">Asimismo, los integrantes de Valor Ambiental \u00ae destacaron la labor cumplida por\u00a0<b>Francisca N\u00fa\u00f1ez, encargada de planificaci\u00f3n y control; junto con Marcela Miranda, directora ejecutiva.<\/b>\u00a0Se destac\u00f3 su capacidad de liderazgo para enfrentar las dificultades y llevar a la empresa a la actual posici\u00f3n en que se encuentra.<\/p>\n<p style=\"text-align: justify;\"><b>Actividades recreativas<\/b><br \/>\nEl noveno a\u00f1o de vida de nuestra empresa tambi\u00e9n se celebr\u00f3 con actividades deportivas y de camarader\u00eda. Les compartimos algunas im\u00e1genes:<\/p>\n<div id='gallery-1' class='gallery galleryid-3106 gallery-columns-3 gallery-size-large'><figure class='gallery-item'>\n\t\t\t<div class='gallery-icon landscape'>\n\t\t\t\t<a href='https:\/\/valorambiental.cl\/nueva\/2019\/10\/12\/nuestra-empresa-valor-ambiental-cumple-9-anos-y-asume-desafio-de-triple-impacto\/aniv2019_7\/'><img width=\"479\" height=\"320\" src=\"https:\/\/valorambiental.cl\/nueva\/wp-content\/uploads\/2020\/09\/aniv2019_7.jpg\" class=\"attachment-large size-large\" alt=\"\" loading=\"lazy\" srcset=\"https:\/\/valorambiental.cl\/nueva\/wp-content\/uploads\/2020\/09\/aniv2019_7.jpg 479w, https:\/\/valorambiental.cl\/nueva\/wp-content\/uploads\/2020\/09\/aniv2019_7-400x267.jpg 400w, https:\/\/valorambiental.cl\/nueva\/wp-content\/uploads\/2020\/09\/aniv2019_7-367x245.jpg 367w\" sizes=\"(max-width: 479px) 100vw, 479px\" \/><\/a>\n\t\t\t<\/div><\/figure><figure class='gallery-item'>\n\t\t\t<div class='gallery-icon landscape'>\n\t\t\t\t<a href='https:\/\/valorambiental.cl\/nueva\/2019\/10\/12\/nuestra-empresa-valor-ambiental-cumple-9-anos-y-asume-desafio-de-triple-impacto\/aniv2019_5\/'><img width=\"479\" height=\"320\" src=\"https:\/\/valorambiental.cl\/nueva\/wp-content\/uploads\/2020\/09\/aniv2019_5.jpg\" class=\"attachment-large size-large\" alt=\"\" loading=\"lazy\" srcset=\"https:\/\/valorambiental.cl\/nueva\/wp-content\/uploads\/2020\/09\/aniv2019_5.jpg 479w, https:\/\/valorambiental.cl\/nueva\/wp-content\/uploads\/2020\/09\/aniv2019_5-400x267.jpg 400w, https:\/\/valorambiental.cl\/nueva\/wp-content\/uploads\/2020\/09\/aniv2019_5-367x245.jpg 367w\" sizes=\"(max-width: 479px) 100vw, 479px\" \/><\/a>\n\t\t\t<\/div><\/figure><figure class='gallery-item'>\n\t\t\t<div class='gallery-icon landscape'>\n\t\t\t\t<a href='https:\/\/valorambiental.cl\/nueva\/2019\/10\/12\/nuestra-empresa-valor-ambiental-cumple-9-anos-y-asume-desafio-de-triple-impacto\/aniv2019_4\/'><img width=\"480\" height=\"360\" src=\"https:\/\/valorambiental.cl\/nueva\/wp-content\/uploads\/2020\/09\/aniv2019_4.jpg\" class=\"attachment-large size-large\" alt=\"\" loading=\"lazy\" srcset=\"https:\/\/valorambiental.cl\/nueva\/wp-content\/uploads\/2020\/09\/aniv2019_4.jpg 480w, https:\/\/valorambiental.cl\/nueva\/wp-content\/uploads\/2020\/09\/aniv2019_4-463x348.jpg 463w, https:\/\/valorambiental.cl\/nueva\/wp-content\/uploads\/2020\/09\/aniv2019_4-400x300.jpg 400w, https:\/\/valorambiental.cl\/nueva\/wp-content\/uploads\/2020\/09\/aniv2019_4-367x275.jpg 367w\" sizes=\"(max-width: 480px) 100vw, 480px\" \/><\/a>\n\t\t\t<\/div><\/figure><figure class='gallery-item'>\n\t\t\t<div class='gallery-icon landscape'>\n\t\t\t\t<a href='https:\/\/valorambiental.cl\/nueva\/2019\/10\/12\/nuestra-empresa-valor-ambiental-cumple-9-anos-y-asume-desafio-de-triple-impacto\/aniv2019_3\/'><img width=\"480\" height=\"360\" src=\"https:\/\/valorambiental.cl\/nueva\/wp-content\/uploads\/2020\/09\/aniv2019_3.jpg\" class=\"attachment-large size-large\" alt=\"\" loading=\"lazy\" srcset=\"https:\/\/valorambiental.cl\/nueva\/wp-content\/uploads\/2020\/09\/aniv2019_3.jpg 480w, https:\/\/valorambiental.cl\/nueva\/wp-content\/uploads\/2020\/09\/aniv2019_3-463x348.jpg 463w, https:\/\/valorambiental.cl\/nueva\/wp-content\/uploads\/2020\/09\/aniv2019_3-400x300.jpg 400w, https:\/\/valorambiental.cl\/nueva\/wp-content\/uploads\/2020\/09\/aniv2019_3-367x275.jpg 367w\" sizes=\"(max-width: 480px) 100vw, 480px\" \/><\/a>\n\t\t\t<\/div><\/figure><figure class='gallery-item'>\n\t\t\t<div class='gallery-icon landscape'>\n\t\t\t\t<a href='https:\/\/valorambiental.cl\/nueva\/2019\/10\/12\/nuestra-empresa-valor-ambiental-cumple-9-anos-y-asume-desafio-de-triple-impacto\/aniv2019_2\/'><img width=\"479\" height=\"359\" src=\"https:\/\/valorambiental.cl\/nueva\/wp-content\/uploads\/2020\/09\/aniv2019_2.jpg\" class=\"attachment-large size-large\" alt=\"\" loading=\"lazy\" srcset=\"https:\/\/valorambiental.cl\/nueva\/wp-content\/uploads\/2020\/09\/aniv2019_2.jpg 479w, https:\/\/valorambiental.cl\/nueva\/wp-content\/uploads\/2020\/09\/aniv2019_2-463x348.jpg 463w, https:\/\/valorambiental.cl\/nueva\/wp-content\/uploads\/2020\/09\/aniv2019_2-400x300.jpg 400w, https:\/\/valorambiental.cl\/nueva\/wp-content\/uploads\/2020\/09\/aniv2019_2-367x275.jpg 367w\" sizes=\"(max-width: 479px) 100vw, 479px\" \/><\/a>\n\t\t\t<\/div><\/figure><figure class='gallery-item'>\n\t\t\t<div class='gallery-icon landscape'>\n\t\t\t\t<a href='https:\/\/valorambiental.cl\/nueva\/2019\/10\/12\/nuestra-empresa-valor-ambiental-cumple-9-anos-y-asume-desafio-de-triple-impacto\/aniv2019_1\/'><img width=\"479\" height=\"359\" src=\"https:\/\/valorambiental.cl\/nueva\/wp-content\/uploads\/2020\/09\/aniv2019_1.jpg\" class=\"attachment-large size-large\" alt=\"\" loading=\"lazy\" srcset=\"https:\/\/valorambiental.cl\/nueva\/wp-content\/uploads\/2020\/09\/aniv2019_1.jpg 479w, https:\/\/valorambiental.cl\/nueva\/wp-content\/uploads\/2020\/09\/aniv2019_1-463x348.jpg 463w, https:\/\/valorambiental.cl\/nueva\/wp-content\/uploads\/2020\/09\/aniv2019_1-400x300.jpg 400w, https:\/\/valorambiental.cl\/nueva\/wp-content\/uploads\/2020\/09\/aniv2019_1-367x275.jpg 367w\" sizes=\"(max-width: 479px) 100vw, 479px\" \/><\/a>\n\t\t\t<\/div><\/figure>\n\t\t<\/div>\n\n","protected":false},"excerpt":{"rendered":"<p>Con un balance positivo y nuevos prop\u00f3sitos, se vivi\u00f3 la celebraci\u00f3n en Valor Ambiental \u00ae. En el marco del aniversario, se desarroll\u00f3 el balance anual de nuestra empresa y diversas actividades recreativas. Con la convicci\u00f3n de que el desempe\u00f1o de una empresa puede impactar positivamente en la econom\u00eda, sociedad y medioambiente, se celebr\u00f3 un nuevo [&hellip;]<\/p>\n","protected":false},"author":1,"featured_media":3113,"comment_status":"open","ping_status":"open","sticky":false,"template":"","format":"standard","meta":[],"categories":[3],"tags":[],"featured_image_src":{"landsacpe":["https:\/\/valorambiental.cl\/nueva\/wp-content\/uploads\/2020\/09\/aniv2019_6.jpg",479,331,false],"list":["https:\/\/valorambiental.cl\/nueva\/wp-content\/uploads\/2020\/09\/aniv2019_6-463x331.jpg",463,331,true],"medium":["https:\/\/valorambiental.cl\/nueva\/wp-content\/uploads\/2020\/09\/aniv2019_6-300x207.jpg",300,207,true],"full":["https:\/\/valorambiental.cl\/nueva\/wp-content\/uploads\/2020\/09\/aniv2019_6.jpg",479,331,false]},"_links":{"self":[{"href":"https:\/\/valorambiental.cl\/nueva\/wp-json\/wp\/v2\/posts\/3106"}],"collection":[{"href":"https:\/\/valorambiental.cl\/nueva\/wp-json\/wp\/v2\/posts"}],"about":[{"href":"https:\/\/valorambiental.cl\/nueva\/wp-json\/wp\/v2\/types\/post"}],"author":[{"embeddable":true,"href":"https:\/\/valorambiental.cl\/nueva\/wp-json\/wp\/v2\/users\/1"}],"replies":[{"embeddable":true,"href":"https:\/\/valorambiental.cl\/nueva\/wp-json\/wp\/v2\/comments?post=3106"}],"version-history":[{"count":1,"href":"https:\/\/valorambiental.cl\/nueva\/wp-json\/wp\/v2\/posts\/3106\/revisions"}],"predecessor-version":[{"id":3114,"href":"https:\/\/valorambiental.cl\/nueva\/wp-json\/wp\/v2\/posts\/3106\/revisions\/3114"}],"wp:featuredmedia":[{"embeddable":true,"href":"https:\/\/valorambiental.cl\/nueva\/wp-json\/wp\/v2\/media\/3113"}],"wp:attachment":[{"href":"https:\/\/valorambiental.cl\/nueva\/wp-json\/wp\/v2\/media?parent=3106"}],"wp:term":[{"taxonomy":"category","embeddable":true,"href":"https:\/\/valorambiental.cl\/nueva\/wp-json\/wp\/v2\/categories?post=3106"},{"taxonomy":"post_tag","embeddable":true,"href":"https:\/\/valorambiental.cl\/nueva\/wp-json\/wp\/v2\/tags?post=3106"}],"curies":[{"name":"wp","href":"https:\/\/api.w.org\/{rel}","templated":true}]}}