{"id":3103,"date":"2019-10-01T18:57:37","date_gmt":"2019-10-01T18:57:37","guid":{"rendered":"https:\/\/valorambiental.cl\/nueva\/?p=3103"},"modified":"2020-09-01T19:00:15","modified_gmt":"2020-09-01T19:00:15","slug":"valor-ambiental-unica-empresa-de-la-region-de-coquimbo-que-implementa-el-programa-instala-innovacion-de-corfo-en-su-version-2019","status":"publish","type":"post","link":"https:\/\/valorambiental.cl\/nueva\/2019\/10\/01\/valor-ambiental-unica-empresa-de-la-region-de-coquimbo-que-implementa-el-programa-instala-innovacion-de-corfo-en-su-version-2019\/","title":{"rendered":"Valor Ambiental \u00ae, \u00fanica empresa de la Regi\u00f3n de Coquimbo que implementa el programa \u201cInstala Innovaci\u00f3n\u201d de CORFO en su versi\u00f3n 2019"},"content":{"rendered":"<p class=\"lead\" style=\"text-align: justify;\"><b>El prop\u00f3sito es instalar una cultura de la innovaci\u00f3n al interior de la empresa que se traduzca en el mejoramiento y creaci\u00f3n de nuevos productos y servicios.<\/b><\/p>\n<p class=\"lead\" style=\"text-align: v;\">El equipo de Valor Ambiental \u00ae, consultora que brinda apoyo en el \u00e1rea de gesti\u00f3n ambiental a empresas principalmente del rubro minero, inici\u00f3 su programa de innovaci\u00f3n con talleres que tienen como objetivo instalar las capacidades necesarias para innovar al interior de la organizaci\u00f3n.<\/p>\n<p style=\"text-align: justify;\"><b>Marcela Miranda, directora ejecutiva de Valor Ambiental \u00ae\u00a0<\/b>plantea que \u201cla innovaci\u00f3n es vital para nuestra empresa, porque nos permite conectarnos con las tendencias actuales del mercado, sobre todo en lo referente a la digitalizaci\u00f3n. Asimismo, nos capacita para mejorar nuestro servicio y as\u00ed, diferenciarnos en el \u00e1mbito de la tramitaci\u00f3n de permisos. Todo esto, plantea nuevos desaf\u00edos para nuestro equipo, que posibilitan un trabajo caracterizado por la b\u00fasqueda de soluciones en conjunto, lo que es muy motivante, y por lo tanto, una herramienta de retenci\u00f3n de los talentos que tenemos en Valor Ambiental \u00ae\u201d.<\/p>\n<p style=\"text-align: justify;\">Si bien Valor Ambiental \u00ae ya ha desarrollado iniciativas relacionadas a la innovaci\u00f3n, existe la necesidad de sistematizar procesos que instalen una cultura permanente de la innovaci\u00f3n. As\u00ed lo expresa,\u00a0<b>David Bustos, coordinador de la implementaci\u00f3n del programa de innovaci\u00f3n en Valor Ambiental \u00ae<\/b>\u00a0al expresar que \u201cestamos aprendiendo a visualizar los problemas para generar nuevas soluciones en el \u00e1mbito de la gesti\u00f3n de la informaci\u00f3n. Para innovar, debemos tener un punto de partida y un prop\u00f3sito, es decir, un pensamiento m\u00e1s estrat\u00e9gico y met\u00f3dico. Porque innovar no es s\u00f3lo crear cosas nuevas, sino que tambi\u00e9n introducir mejoras a los actuales servicios\u201d.<\/p>\n<p style=\"text-align: justify;\"><b>Innovar: Nuevas soluciones a partir de problemas<\/b>\u00a0En relaci\u00f3n a las actividades que forman parte de la iniciativa, se contempla una primera etapa que corresponde a la instalaci\u00f3n de capacidades en el equipo y la segunda, se enfoca en la gesti\u00f3n de un portafolio de proyectos. Se incluyen dentro de ello, talleres donde participar\u00e1n expertos nacionales en materia de metodolog\u00edas de la innovaci\u00f3n, tendencias de la industria donde la digitalizaci\u00f3n y automatizaci\u00f3n, cobran gran protagonismo; junto con la participaci\u00f3n en una feria de innovaci\u00f3n en Santiago donde adem\u00e1s se visitar\u00e1n centros de innovaci\u00f3n y universidades.<\/p>\n<p style=\"text-align: justify;\"><b>Acelera Innova<\/b>, es la empresa aceleradora de innovaci\u00f3n regional que ejecuta este proyecto.\u00a0<b>Natalia Reilich, su cofundadora<\/b>, destaca que \u201cla innovaci\u00f3n requiere de m\u00e9todo, disciplina y gesti\u00f3n junto con la identificaci\u00f3n de problemas, lo que realizamos de acuerdo a la metodolog\u00eda de design thinking. Por esta raz\u00f3n, es que se est\u00e1 instalando la capacidad en el equipo necesaria para gestionar esta identificaci\u00f3n del problema para luego conectarse con las tendencias del mercado como lo son la industria 4.0 y la digitalizaci\u00f3n, para posteriormente, prospectar nuevas soluciones a peque\u00f1a escala antes de llegar a las soluciones que podemos escalar\u201d.<\/p>\n<p style=\"text-align: justify;\"><b>Apoyo de CORFO<\/b>\u00a0El proyecto denominado<b>\u00a0\u201cInstala Innovaci\u00f3n para Valor Ambiental \u00ae\u201d\u00a0<\/b>se desarrolla con el financiamiento de\u00a0<b>CORFO<\/b>\u00a0a trav\u00e9s del instrumento \u201cInstala Innovaci\u00f3n\u201d, cuyo rol es apoyar la instalaci\u00f3n de una cultura de innovaci\u00f3n continua y sistem\u00e1tica en las empresas que facilite la generaci\u00f3n de nuevos y\/o mejorados productos, servicios y procesos. Dentro de los resultados esperados en el marco de este instrumento, se encuentran: Apoyar en la creaci\u00f3n de una estrategia y plan de acci\u00f3n para gesti\u00f3n de la innovaci\u00f3n continua y sistem\u00e1tica en las empresas; aumentar el \u00edndice de capacidades de innovaci\u00f3n en las empresas; junto con el desarrollo de un portafolio de proyectos de innovaci\u00f3n.<\/p>\n","protected":false},"excerpt":{"rendered":"<p>El prop\u00f3sito es instalar una cultura de la innovaci\u00f3n al interior de la empresa que se traduzca en el mejoramiento y creaci\u00f3n de nuevos productos y servicios. El equipo de Valor Ambiental \u00ae, consultora que brinda apoyo en el \u00e1rea de gesti\u00f3n ambiental a empresas principalmente del rubro minero, inici\u00f3 su programa de innovaci\u00f3n con [&hellip;]<\/p>\n","protected":false},"author":1,"featured_media":3104,"comment_status":"open","ping_status":"open","sticky":false,"template":"","format":"standard","meta":[],"categories":[3],"tags":[],"featured_image_src":{"landsacpe":["https:\/\/valorambiental.cl\/nueva\/wp-content\/uploads\/2020\/09\/Innova1.jpg",479,359,false],"list":["https:\/\/valorambiental.cl\/nueva\/wp-content\/uploads\/2020\/09\/Innova1-463x348.jpg",463,348,true],"medium":["https:\/\/valorambiental.cl\/nueva\/wp-content\/uploads\/2020\/09\/Innova1-300x225.jpg",300,225,true],"full":["https:\/\/valorambiental.cl\/nueva\/wp-content\/uploads\/2020\/09\/Innova1.jpg",479,359,false]},"_links":{"self":[{"href":"https:\/\/valorambiental.cl\/nueva\/wp-json\/wp\/v2\/posts\/3103"}],"collection":[{"href":"https:\/\/valorambiental.cl\/nueva\/wp-json\/wp\/v2\/posts"}],"about":[{"href":"https:\/\/valorambiental.cl\/nueva\/wp-json\/wp\/v2\/types\/post"}],"author":[{"embeddable":true,"href":"https:\/\/valorambiental.cl\/nueva\/wp-json\/wp\/v2\/users\/1"}],"replies":[{"embeddable":true,"href":"https:\/\/valorambiental.cl\/nueva\/wp-json\/wp\/v2\/comments?post=3103"}],"version-history":[{"count":1,"href":"https:\/\/valorambiental.cl\/nueva\/wp-json\/wp\/v2\/posts\/3103\/revisions"}],"predecessor-version":[{"id":3105,"href":"https:\/\/valorambiental.cl\/nueva\/wp-json\/wp\/v2\/posts\/3103\/revisions\/3105"}],"wp:featuredmedia":[{"embeddable":true,"href":"https:\/\/valorambiental.cl\/nueva\/wp-json\/wp\/v2\/media\/3104"}],"wp:attachment":[{"href":"https:\/\/valorambiental.cl\/nueva\/wp-json\/wp\/v2\/media?parent=3103"}],"wp:term":[{"taxonomy":"category","embeddable":true,"href":"https:\/\/valorambiental.cl\/nueva\/wp-json\/wp\/v2\/categories?post=3103"},{"taxonomy":"post_tag","embeddable":true,"href":"https:\/\/valorambiental.cl\/nueva\/wp-json\/wp\/v2\/tags?post=3103"}],"curies":[{"name":"wp","href":"https:\/\/api.w.org\/{rel}","templated":true}]}}