{"id":3100,"date":"2019-07-01T18:46:57","date_gmt":"2019-07-01T18:46:57","guid":{"rendered":"https:\/\/valorambiental.cl\/nueva\/?p=3100"},"modified":"2020-09-01T18:48:12","modified_gmt":"2020-09-01T18:48:12","slug":"roberto-camargo-asume-como-gerente-tecnico-de-valor-ambiental","status":"publish","type":"post","link":"https:\/\/valorambiental.cl\/nueva\/2019\/07\/01\/roberto-camargo-asume-como-gerente-tecnico-de-valor-ambiental\/","title":{"rendered":"Roberto Camargo asume como Gerente T\u00e9cnico de Valor Ambiental \u00ae"},"content":{"rendered":"<p class=\"lead\" style=\"text-align: justify;\"><b>El profesional cuenta con 34 a\u00f1os de experiencia laboral y en los \u00faltimos 16 a\u00f1os ha focalizado su quehacer en materias ambientales y sanitarias, en el sector p\u00fablico, industria minera, en el \u00e1rea de consultor\u00eda y docencia universitaria.<\/b><\/p>\n<p class=\"lead\" style=\"text-align: justify;\">Roberto Camargo se suma al equipo de Valor Ambiental \u00ae con el prop\u00f3sito de dirigir y coordinar la gesti\u00f3n t\u00e9cnica de nuestra empresa consultora y apoyar a la Direcci\u00f3n en el desarrollo estrat\u00e9gico de VA. Asimismo, el profesional indica que, dentro de sus responsabilidades como gerente t\u00e9cnico de Valor Ambiental \u00ae, \u201ctengo como misi\u00f3n incentivar un trabajo colaborativo, eficiente, comprometido y de liderazgo, que permita el cumplimiento de compromisos de contratos con nuestros clientes con un enfoque de calidad y oportunidad\u201d.<\/p>\n<p style=\"text-align: justify;\"><b>Experiencia<\/b><br \/>\nRoberto Camargo es M\u00e9dico Veterinario de la Universidad de Concepci\u00f3n; M\u00e1ster en Administraci\u00f3n de Empresas del IEDE Espa\u00f1a; junto con poseer diplomados en Salud P\u00fablica, Gesti\u00f3n Ambiental, Prevenci\u00f3n de Riesgos y Salud Ocupacional, Planificaci\u00f3n Estrat\u00e9gica, entre otros.<\/p>\n<p style=\"text-align: justify;\">El equipo de Valor Ambiental \u00ae fortalece su labor con la incorporaci\u00f3n de Roberto Camargo, quien durante su extensa actividad profesional se ha desempe\u00f1ado en el sector p\u00fablico y privado, cumpliendo funciones tales como: Director Regional del Instituto de Desarrollo Agropecuario en la Regi\u00f3n de Coquimbo; Codirector en proyecto de Cooperaci\u00f3n Internacional con Uni\u00f3n Europea; Jefe del Departamento de Salud P\u00fablica y del Departamento de Acci\u00f3n Sanitaria en Seremi de Salud Coquimbo; Gerente de Sustentabilidad de Compa\u00f1\u00eda Minera Dayton; asesor ambiental en empresas mineras de la zona y profesor universitario en materias de gesti\u00f3n ambiental y salud p\u00fablica.<\/p>\n","protected":false},"excerpt":{"rendered":"<p>El profesional cuenta con 34 a\u00f1os de experiencia laboral y en los \u00faltimos 16 a\u00f1os ha focalizado su quehacer en materias ambientales y sanitarias, en el sector p\u00fablico, industria minera, en el \u00e1rea de consultor\u00eda y docencia universitaria. Roberto Camargo se suma al equipo de Valor Ambiental \u00ae con el prop\u00f3sito de dirigir y coordinar [&hellip;]<\/p>\n","protected":false},"author":1,"featured_media":3101,"comment_status":"open","ping_status":"open","sticky":false,"template":"","format":"standard","meta":[],"categories":[3],"tags":[],"featured_image_src":{"landsacpe":["https:\/\/valorambiental.cl\/nueva\/wp-content\/uploads\/2020\/09\/RCamar.jpg",430,297,false],"list":["https:\/\/valorambiental.cl\/nueva\/wp-content\/uploads\/2020\/09\/RCamar.jpg",430,297,false],"medium":["https:\/\/valorambiental.cl\/nueva\/wp-content\/uploads\/2020\/09\/RCamar-300x207.jpg",300,207,true],"full":["https:\/\/valorambiental.cl\/nueva\/wp-content\/uploads\/2020\/09\/RCamar.jpg",430,297,false]},"_links":{"self":[{"href":"https:\/\/valorambiental.cl\/nueva\/wp-json\/wp\/v2\/posts\/3100"}],"collection":[{"href":"https:\/\/valorambiental.cl\/nueva\/wp-json\/wp\/v2\/posts"}],"about":[{"href":"https:\/\/valorambiental.cl\/nueva\/wp-json\/wp\/v2\/types\/post"}],"author":[{"embeddable":true,"href":"https:\/\/valorambiental.cl\/nueva\/wp-json\/wp\/v2\/users\/1"}],"replies":[{"embeddable":true,"href":"https:\/\/valorambiental.cl\/nueva\/wp-json\/wp\/v2\/comments?post=3100"}],"version-history":[{"count":1,"href":"https:\/\/valorambiental.cl\/nueva\/wp-json\/wp\/v2\/posts\/3100\/revisions"}],"predecessor-version":[{"id":3102,"href":"https:\/\/valorambiental.cl\/nueva\/wp-json\/wp\/v2\/posts\/3100\/revisions\/3102"}],"wp:featuredmedia":[{"embeddable":true,"href":"https:\/\/valorambiental.cl\/nueva\/wp-json\/wp\/v2\/media\/3101"}],"wp:attachment":[{"href":"https:\/\/valorambiental.cl\/nueva\/wp-json\/wp\/v2\/media?parent=3100"}],"wp:term":[{"taxonomy":"category","embeddable":true,"href":"https:\/\/valorambiental.cl\/nueva\/wp-json\/wp\/v2\/categories?post=3100"},{"taxonomy":"post_tag","embeddable":true,"href":"https:\/\/valorambiental.cl\/nueva\/wp-json\/wp\/v2\/tags?post=3100"}],"curies":[{"name":"wp","href":"https:\/\/api.w.org\/{rel}","templated":true}]}}