{"id":3097,"date":"2019-07-01T18:29:50","date_gmt":"2019-07-01T18:29:50","guid":{"rendered":"https:\/\/valorambiental.cl\/nueva\/?p=3097"},"modified":"2020-09-01T18:31:19","modified_gmt":"2020-09-01T18:31:19","slug":"empresa-reciclando-chile-realiza-el-servicio-de-reciclaje-de-valor-ambiental","status":"publish","type":"post","link":"https:\/\/valorambiental.cl\/nueva\/2019\/07\/01\/empresa-reciclando-chile-realiza-el-servicio-de-reciclaje-de-valor-ambiental\/","title":{"rendered":"Empresa \u201cReciclando Chile\u201d realiza el servicio de reciclaje de Valor Ambiental \u00ae"},"content":{"rendered":"<p class=\"lead\" style=\"text-align: justify;\"><b>Anteriormente, los residuos eran llevados al punto limpio por integrantes del equipo de Valor Ambiental \u00ae y ahora esta tarea es responsabilidad de \u201cReciclando Chile\u201d, joven empresa que funciona s\u00f3lo desde septiembre de 2018 pero que ya cuenta con 150 clientes.<\/b><\/p>\n<p class=\"lead\" style=\"text-align: justify;\">Con el prop\u00f3sito de facilitar el reciclaje de los residuos de Valor Ambiental \u00ae, comenzamos a trabajar junto a la empresa \u201cReciclando Chile\u201d, que retira una vez a la semana los residuos que generamos, tales como papel, cart\u00f3n, latas, vidrio y pl\u00e1stico.<\/p>\n<p style=\"text-align: justify;\">Marcela Miranda, directora ejecutiva de Valor Ambiental \u00ae, plantea que \u201csomos una empresa de servicios ambientales y por lo tanto, tenemos que ser coherentes y responsabilizarnos de la adecuada gesti\u00f3n de nuestros residuos y trabajar con \u201cReciclando Chile\u201d facilita cumplir con este compromiso que hemos adquirido\u201d.<\/p>\n<p style=\"text-align: justify;\">En relaci\u00f3n al destino final de los residuos que son retirados, Mar\u00eda Jos\u00e9 Past\u00e9n, directora de \u201cReciclando Chile\u201d detalla que \u201ccreemos mucho en el trabajo colaborativo, nos gusta apoyar a fundaciones y empresas que reutilicen estos residuos, entonces donamos parte de nuestro material a personas que los requieren. Por ejemplo, le entregamos las latas de at\u00fan a Abejito Corp, corporaci\u00f3n dedicada a la conservaci\u00f3n de abejas, quienes las usan para hacer trampas para las colmenas. Las cajas de huevo las entregamos a personas que se dedican a la venta de huevos de gallina feliz. El tetrapak lo entregamos a una persona que hace ladrillos ecol\u00f3gicos. Lo que no se dona se env\u00eda a recicladores de base de Santiago\u201d.<\/p>\n<p style=\"text-align: justify;\">La impulsora de \u201cReciclando Chile\u201d es dise\u00f1adora gr\u00e1fica e identific\u00f3 esta idea de negocios en base al comportamiento de familiares y amigos. \u201cEmpec\u00e9 a ver el conflicto que muchas personas tienen, clasifican sus residuos para su reciclaje, pero no tienen el tiempo para ir al punto limpio. Aunque tiene la consciencia de gestionar sus residuos, no tienen la disponibilidad de tiempo. Entonces dise\u00f1\u00e9 una soluci\u00f3n que resolviera esta necesidad\u201d.<\/p>\n","protected":false},"excerpt":{"rendered":"<p>Anteriormente, los residuos eran llevados al punto limpio por integrantes del equipo de Valor Ambiental \u00ae y ahora esta tarea es responsabilidad de \u201cReciclando Chile\u201d, joven empresa que funciona s\u00f3lo desde septiembre de 2018 pero que ya cuenta con 150 clientes. Con el prop\u00f3sito de facilitar el reciclaje de los residuos de Valor Ambiental \u00ae, [&hellip;]<\/p>\n","protected":false},"author":1,"featured_media":3098,"comment_status":"open","ping_status":"open","sticky":false,"template":"","format":"standard","meta":[],"categories":[3],"tags":[],"featured_image_src":{"landsacpe":["https:\/\/valorambiental.cl\/nueva\/wp-content\/uploads\/2020\/09\/IMG_5443.jpg",480,360,false],"list":["https:\/\/valorambiental.cl\/nueva\/wp-content\/uploads\/2020\/09\/IMG_5443-463x348.jpg",463,348,true],"medium":["https:\/\/valorambiental.cl\/nueva\/wp-content\/uploads\/2020\/09\/IMG_5443-300x225.jpg",300,225,true],"full":["https:\/\/valorambiental.cl\/nueva\/wp-content\/uploads\/2020\/09\/IMG_5443.jpg",480,360,false]},"_links":{"self":[{"href":"https:\/\/valorambiental.cl\/nueva\/wp-json\/wp\/v2\/posts\/3097"}],"collection":[{"href":"https:\/\/valorambiental.cl\/nueva\/wp-json\/wp\/v2\/posts"}],"about":[{"href":"https:\/\/valorambiental.cl\/nueva\/wp-json\/wp\/v2\/types\/post"}],"author":[{"embeddable":true,"href":"https:\/\/valorambiental.cl\/nueva\/wp-json\/wp\/v2\/users\/1"}],"replies":[{"embeddable":true,"href":"https:\/\/valorambiental.cl\/nueva\/wp-json\/wp\/v2\/comments?post=3097"}],"version-history":[{"count":1,"href":"https:\/\/valorambiental.cl\/nueva\/wp-json\/wp\/v2\/posts\/3097\/revisions"}],"predecessor-version":[{"id":3099,"href":"https:\/\/valorambiental.cl\/nueva\/wp-json\/wp\/v2\/posts\/3097\/revisions\/3099"}],"wp:featuredmedia":[{"embeddable":true,"href":"https:\/\/valorambiental.cl\/nueva\/wp-json\/wp\/v2\/media\/3098"}],"wp:attachment":[{"href":"https:\/\/valorambiental.cl\/nueva\/wp-json\/wp\/v2\/media?parent=3097"}],"wp:term":[{"taxonomy":"category","embeddable":true,"href":"https:\/\/valorambiental.cl\/nueva\/wp-json\/wp\/v2\/categories?post=3097"},{"taxonomy":"post_tag","embeddable":true,"href":"https:\/\/valorambiental.cl\/nueva\/wp-json\/wp\/v2\/tags?post=3097"}],"curies":[{"name":"wp","href":"https:\/\/api.w.org\/{rel}","templated":true}]}}