{"id":3093,"date":"2019-04-01T18:26:50","date_gmt":"2019-04-01T18:26:50","guid":{"rendered":"https:\/\/valorambiental.cl\/nueva\/?p=3093"},"modified":"2020-09-01T18:29:27","modified_gmt":"2020-09-01T18:29:27","slug":"equipo-de-valor-ambiental-actualizo-sus-conocimientos-en-normativa-ambiental-junto-a-prestigioso-estudio-de-abogados","status":"publish","type":"post","link":"https:\/\/valorambiental.cl\/nueva\/2019\/04\/01\/equipo-de-valor-ambiental-actualizo-sus-conocimientos-en-normativa-ambiental-junto-a-prestigioso-estudio-de-abogados\/","title":{"rendered":"Equipo de Valor Ambiental \u00ae actualiz\u00f3 sus conocimientos en normativa ambiental junto a prestigioso estudio de abogados"},"content":{"rendered":"<p class=\"lead\" style=\"text-align: justify;\"><b>El taller realizado en dos intensivas jornadas, contempl\u00f3 materias relevantes tales como institucionalidad ambiental chilena, evaluaci\u00f3n ambiental de proyectos mineros en el Norte de Chile y participaci\u00f3n ciudadana junto con casos pr\u00e1cticos que fueron de utilidad para aplicar lo aprendido.<\/b><\/p>\n<p class=\"lead\" style=\"text-align: justify;\">Con el prop\u00f3sito de actualizar conocimientos en materia de nuevas normativas ambientales y su aplicaci\u00f3n, el equipo de Valor Ambiental \u00ae se capacit\u00f3 en estas tem\u00e1ticas por medio de un taller dictado por el Estudio de Abogados Moreno, S\u00e1ez &amp; Avil\u00e9s, especializado en temas regulatorios, particularmente en derecho ambiental, administrativo y de recursos naturales.<\/p>\n<p class=\"lead\" style=\"text-align: justify;\"><b>Marcela Miranda, directora ejecutiva de Valor Ambiental \u00ae<\/b>\u00a0destac\u00f3 que \u201cla importancia de este taller es dar respuesta a una necesidad que surgi\u00f3 del comit\u00e9 bipartito de capacitaci\u00f3n de Valor Ambiental \u00ae que identific\u00f3 la necesidad de fortalecer el conocimiento en aspectos ambientales legales que permitan dar un mejor servicio a nuestros clientes y profundizar en tem\u00e1ticas medioambientales que contribuyan a vislumbrar posibles nuevos servicios que podr\u00edamos desarrollar. Como empresa, nuestro compromiso es realizar capacitaciones de alto nivel para que el equipo se sienta comprometido y actualizado\u201d.<\/p>\n<p class=\"lead\" style=\"text-align: justify;\"><b>Andr\u00e9s S\u00e1ez, abogado y socio del estudio de abogados,<\/b>\u00a0fue uno de los encargados de impartir la capacitaci\u00f3n y detall\u00f3 que \u201ceste taller es un entrenamiento y conversaci\u00f3n entre el estudio de abogados que representamos y una consultora ambiental como es Valor Ambiental \u00ae respecto a los \u00faltimos temas de inter\u00e9s tanto en evaluaci\u00f3n ambiental como en fiscalizaci\u00f3n y sanci\u00f3n ambiental en Chile. La idea es compartir los \u00faltimos criterios que tienen los servicios p\u00fablicos, el Servicio de Evaluaci\u00f3n Ambiental, la Superintendencia del Medio Ambiente y tener dos jornadas de reflexi\u00f3n en torno a estos temas, lo que nos enriquece mutuamente\u201d.\u00a0<b>Jos\u00e9 Adolfo Moreno, abogado del estudio,<\/b>\u00a0agreg\u00f3 que \u201cel objetivo del taller fue entregarles a los trabajadores de Valor Ambiental \u00ae conocimientos espec\u00edficos sobre el funcionamiento del Sistema de Evaluaci\u00f3n Ambiental y su nueva institucionalidad, de manera que este conocimiento sea traspasado a los clientes de Valor Ambiental \u00ae\u201d.<\/p>\n<p class=\"lead\" style=\"text-align: justify;\">El taller tuvo una recepci\u00f3n positiva por parte del equipo, ya que les entreg\u00f3 herramientas \u00fatiles para su labor en Valor Ambiental \u00ae, tal como lo expres\u00f3,\u00a0<b>Lorena Olivares,<\/b>\u00a0l\u00edder de proyectos. \u201cEl aporte principal es tener una visi\u00f3n general del sistema de evaluaci\u00f3n ambiental y que nos da mayor seguridad y certeza en las decisiones que tomamos en nuestro cargo que tiene que ver con, por ejemplo, cuando el cliente tiene que considerar la opci\u00f3n de realizar o no una consulta de pertinencia que es lo que nos toca m\u00e1s ver en el d\u00eda a d\u00eda\u201d.<\/p>\n<p class=\"lead\" style=\"text-align: justify;\">En tanto que\u00a0<b>Richard Varas, Coordinador de Proyectos de Valor Ambiental \u00ae,<\/b>\u00a0afirm\u00f3 que \u201cestas capacitaciones son fundamentales porque nos permiten mantenernos actualizados en relaci\u00f3n a informaci\u00f3n respecto a las estrategias con las que tenemos que apoyar a nuestros clientes y nuevos lineamientos ambientales o sectoriales. Entonces, mientras estemos m\u00e1s al tanto de lo que est\u00e1 ocurriendo en diferentes regiones del pa\u00eds en relaci\u00f3n a esta materia, tenemos m\u00e1s informaci\u00f3n para actuar de manera certera con nuestros clientes, por esto, la mirada legal es complementaria y contribuyen a entregar un producto con una mirada m\u00e1s integral\u201d.<\/p>\n<p class=\"lead\" style=\"text-align: justify;\"><b>Lorena Lobos, l\u00edder de proyectos de Valor Ambiental \u00ae expres\u00f3<\/b>\u00a0que \u201cla capacitaci\u00f3n estuvo muy buena, sobre todo porque fue impartida por personas que trabajan en casos y apoyando a empresas en todo lo que tiene que ver con las fiscalizaciones que realiza la Superintendencia de Medio Ambiente\u201d.<\/p>\n<p class=\"lead\" style=\"text-align: justify;\">El taller fue dictado por Andr\u00e9s S\u00e1ez y Jos\u00e9 Adolfo Moreno, abogados y socios del Estudio Moreno S\u00e1ez &amp; Avil\u00e9s, contemplando materias tales como el cambio org\u00e1nico del Servicio de Evaluaci\u00f3n Ambiental (SEIA) producto de la modificaci\u00f3n introducida mediante la Ley 20.417; nuevo reglamento del SEIA y proyectos mineros; an\u00e1lisis de ingreso al SEIA para proyectos o actividades mineras y consultas de pertinencia de ingreso; principales aspectos relacionados con la evaluaci\u00f3n ambiental de proyectos mineros en el norte de Chile; participaci\u00f3n Ciudadana Ambiental (PAC); revisi\u00f3n de expedientes electr\u00f3nicos del SEIA en proyectos mineros que permitan ilustrar el procedimiento, procesos PAC y consultas ind\u00edgenas, entre otras tem\u00e1ticas de inter\u00e9s del equipo de Valor Ambiental \u00ae.<\/p>\n","protected":false},"excerpt":{"rendered":"<p>El taller realizado en dos intensivas jornadas, contempl\u00f3 materias relevantes tales como institucionalidad ambiental chilena, evaluaci\u00f3n ambiental de proyectos mineros en el Norte de Chile y participaci\u00f3n ciudadana junto con casos pr\u00e1cticos que fueron de utilidad para aplicar lo aprendido. Con el prop\u00f3sito de actualizar conocimientos en materia de nuevas normativas ambientales y su aplicaci\u00f3n, [&hellip;]<\/p>\n","protected":false},"author":1,"featured_media":3095,"comment_status":"open","ping_status":"open","sticky":false,"template":"","format":"standard","meta":[],"categories":[3],"tags":[],"featured_image_src":{"landsacpe":["https:\/\/valorambiental.cl\/nueva\/wp-content\/uploads\/2020\/09\/ab1.jpg",521,360,false],"list":["https:\/\/valorambiental.cl\/nueva\/wp-content\/uploads\/2020\/09\/ab1-463x348.jpg",463,348,true],"medium":["https:\/\/valorambiental.cl\/nueva\/wp-content\/uploads\/2020\/09\/ab1-300x207.jpg",300,207,true],"full":["https:\/\/valorambiental.cl\/nueva\/wp-content\/uploads\/2020\/09\/ab1.jpg",521,360,false]},"_links":{"self":[{"href":"https:\/\/valorambiental.cl\/nueva\/wp-json\/wp\/v2\/posts\/3093"}],"collection":[{"href":"https:\/\/valorambiental.cl\/nueva\/wp-json\/wp\/v2\/posts"}],"about":[{"href":"https:\/\/valorambiental.cl\/nueva\/wp-json\/wp\/v2\/types\/post"}],"author":[{"embeddable":true,"href":"https:\/\/valorambiental.cl\/nueva\/wp-json\/wp\/v2\/users\/1"}],"replies":[{"embeddable":true,"href":"https:\/\/valorambiental.cl\/nueva\/wp-json\/wp\/v2\/comments?post=3093"}],"version-history":[{"count":1,"href":"https:\/\/valorambiental.cl\/nueva\/wp-json\/wp\/v2\/posts\/3093\/revisions"}],"predecessor-version":[{"id":3096,"href":"https:\/\/valorambiental.cl\/nueva\/wp-json\/wp\/v2\/posts\/3093\/revisions\/3096"}],"wp:featuredmedia":[{"embeddable":true,"href":"https:\/\/valorambiental.cl\/nueva\/wp-json\/wp\/v2\/media\/3095"}],"wp:attachment":[{"href":"https:\/\/valorambiental.cl\/nueva\/wp-json\/wp\/v2\/media?parent=3093"}],"wp:term":[{"taxonomy":"category","embeddable":true,"href":"https:\/\/valorambiental.cl\/nueva\/wp-json\/wp\/v2\/categories?post=3093"},{"taxonomy":"post_tag","embeddable":true,"href":"https:\/\/valorambiental.cl\/nueva\/wp-json\/wp\/v2\/tags?post=3093"}],"curies":[{"name":"wp","href":"https:\/\/api.w.org\/{rel}","templated":true}]}}