{"id":3090,"date":"2019-04-01T18:25:16","date_gmt":"2019-04-01T18:25:16","guid":{"rendered":"https:\/\/valorambiental.cl\/nueva\/?p=3090"},"modified":"2020-09-01T18:26:40","modified_gmt":"2020-09-01T18:26:40","slug":"mutual-de-seguridad-entrego-certificacion-categoria-plata-a-la-empresa-consultora-valor-ambiental","status":"publish","type":"post","link":"https:\/\/valorambiental.cl\/nueva\/2019\/04\/01\/mutual-de-seguridad-entrego-certificacion-categoria-plata-a-la-empresa-consultora-valor-ambiental\/","title":{"rendered":"Mutual de Seguridad entreg\u00f3 certificaci\u00f3n categor\u00eda plata a la Empresa Consultora Valor Ambiental \u00ae"},"content":{"rendered":"<p class=\"lead\" style=\"text-align: justify;\">El Comit\u00e9 Paritario de Higiene y Seguridad de nuestra empresa Valor Ambiental \u00ae, recibi\u00f3 un certificado de la categor\u00eda plata de la Mutual de Seguridad, por dar cumplimiento a buenas pr\u00e1cticas. La distinci\u00f3n fue otorgada en el marco de un seminario de seguridad organizado por la Mutual de Seguridad.<\/p>\n<p class=\"lead\" style=\"text-align: justify;\">Recibieron el reconocimiento en representaci\u00f3n de Valor Ambiental \u00ae Felipe Jiles, representante de los trabajadores de Valor Ambiental \u00ae en el Comit\u00e9 Paritario; Marcela Miranda, Directora Ejecutiva de Valor Ambiental \u00ae y Fabi\u00e1n Gysling, prevencionista de Riesgos de Valor Ambiental \u00ae.<\/p>\n<p class=\"lead\" style=\"text-align: justify;\">Seg\u00fan explica Felipe Jiles, la certificaci\u00f3n plata implica \u201ccumplir las normas establecidas en el Decreto 54 sobre la conformaci\u00f3n y funcionamiento de los Comit\u00e9s Paritarios. La empresa cumple estos objetivos a trav\u00e9s de charlas internas y de la Mutual de Seguridad y reuniones peri\u00f3dicas, simulacros, entre otras actividades\u201d.<\/p>\n<p class=\"lead\" style=\"text-align: justify;\">Ahora el desaf\u00edo es alcanzar la categor\u00eda oro, para lo cual, Fab\u00edan Gysling, plantea que \u201cla idea es seguir en la misma l\u00ednea de trabajo, si continuamos as\u00ed, nuestro Comit\u00e9 Paritario no debiera tener problemas para certificarse en el nivel oro. Hay que coordinar auditor\u00edas con la Mutual de Seguridad para fortalecer la labor que venimos realizando de manera sostenida\u201d.<\/p>\n","protected":false},"excerpt":{"rendered":"<p>El Comit\u00e9 Paritario de Higiene y Seguridad de nuestra empresa Valor Ambiental \u00ae, recibi\u00f3 un certificado de la categor\u00eda plata de la Mutual de Seguridad, por dar cumplimiento a buenas pr\u00e1cticas. La distinci\u00f3n fue otorgada en el marco de un seminario de seguridad organizado por la Mutual de Seguridad. Recibieron el reconocimiento en representaci\u00f3n de [&hellip;]<\/p>\n","protected":false},"author":1,"featured_media":3091,"comment_status":"open","ping_status":"open","sticky":false,"template":"","format":"standard","meta":[],"categories":[3],"tags":[],"featured_image_src":{"landsacpe":["https:\/\/valorambiental.cl\/nueva\/wp-content\/uploads\/2020\/09\/Mutual2.jpg",480,320,false],"list":["https:\/\/valorambiental.cl\/nueva\/wp-content\/uploads\/2020\/09\/Mutual2-463x320.jpg",463,320,true],"medium":["https:\/\/valorambiental.cl\/nueva\/wp-content\/uploads\/2020\/09\/Mutual2-300x200.jpg",300,200,true],"full":["https:\/\/valorambiental.cl\/nueva\/wp-content\/uploads\/2020\/09\/Mutual2.jpg",480,320,false]},"_links":{"self":[{"href":"https:\/\/valorambiental.cl\/nueva\/wp-json\/wp\/v2\/posts\/3090"}],"collection":[{"href":"https:\/\/valorambiental.cl\/nueva\/wp-json\/wp\/v2\/posts"}],"about":[{"href":"https:\/\/valorambiental.cl\/nueva\/wp-json\/wp\/v2\/types\/post"}],"author":[{"embeddable":true,"href":"https:\/\/valorambiental.cl\/nueva\/wp-json\/wp\/v2\/users\/1"}],"replies":[{"embeddable":true,"href":"https:\/\/valorambiental.cl\/nueva\/wp-json\/wp\/v2\/comments?post=3090"}],"version-history":[{"count":1,"href":"https:\/\/valorambiental.cl\/nueva\/wp-json\/wp\/v2\/posts\/3090\/revisions"}],"predecessor-version":[{"id":3092,"href":"https:\/\/valorambiental.cl\/nueva\/wp-json\/wp\/v2\/posts\/3090\/revisions\/3092"}],"wp:featuredmedia":[{"embeddable":true,"href":"https:\/\/valorambiental.cl\/nueva\/wp-json\/wp\/v2\/media\/3091"}],"wp:attachment":[{"href":"https:\/\/valorambiental.cl\/nueva\/wp-json\/wp\/v2\/media?parent=3090"}],"wp:term":[{"taxonomy":"category","embeddable":true,"href":"https:\/\/valorambiental.cl\/nueva\/wp-json\/wp\/v2\/categories?post=3090"},{"taxonomy":"post_tag","embeddable":true,"href":"https:\/\/valorambiental.cl\/nueva\/wp-json\/wp\/v2\/tags?post=3090"}],"curies":[{"name":"wp","href":"https:\/\/api.w.org\/{rel}","templated":true}]}}